{"id":7881,"date":"2022-12-05T10:10:54","date_gmt":"2022-12-05T10:10:54","guid":{"rendered":"https:\/\/abadecom.com\/?p=7881"},"modified":"2022-12-05T10:10:56","modified_gmt":"2022-12-05T10:10:56","slug":"nuestro-arido-fotoluminiscente-en-la-prensa","status":"publish","type":"post","link":"https:\/\/abadecom.com\/en\/nuestro-arido-fotoluminiscente-en-la-prensa\/","title":{"rendered":"Nuestro \u00e1rido fotoluminiscente en la prensa"},"content":{"rendered":"<p class=\"wp-block-paragraph\">Gracias una vez m\u00e1s a la prensa por dar visibilidad a otro de nuestros productos, que es el \u00e1rido fotoluminiscente.<\/p>\n\n\n\n<p class=\"wp-block-paragraph\">Nuestro \u00e1rido fotoluminiscente se ofrece en colores azul y verde. Tiene un aspecto f\u00edsico granular y su brillo tiene una duraci\u00f3n de m\u00e1s de 12 horas. Es muy resistente y puede instalarse en espacios con condiciones clim\u00e1ticas que van entre los -15 y los 50\u00ba cent\u00edgrados. Para obtener el m\u00e1ximo de luminiscencia, no debe incidir ninguna fuente de luz. En la oscuridad, se pueden apreciar las distintas formas dise\u00f1adas gracias a este material. Adem\u00e1s de adornar, los dise\u00f1os pueden tambi\u00e9n ser concebidos para se\u00f1alar caminos en zonas pobremente iluminadas. Solo hay que aplicar al \u00e1rido fotoluminiscente sobre la superficie a tratar.<\/p>\n\n\n\n<p class=\"wp-block-paragraph\">Para mas informaci\u00f3n: <a href=\"mailto:info@abadecom.com\">info@abadecom.com<\/a><\/p>\n\n\n\n<figure class=\"wp-block-embed is-type-wp-embed is-provider-que wp-block-embed-que\"><div class=\"wp-block-embed__wrapper\">\n<blockquote hcb-fetch-image-from=\"https:\/\/www.que.es\/2022\/12\/05\/abadecom-los-usos-del-arido-fotoluminiscente\/\" class=\"wp-embedded-content\" data-secret=\"vo8BnqDk0D\"><a href=\"https:\/\/www.que.es\/2022\/12\/05\/abadecom-los-usos-del-arido-fotoluminiscente\/\">Abadecom, los usos del \u00e1rido fotoluminiscente<\/a><\/blockquote><iframe loading=\"lazy\" class=\"wp-embedded-content\" sandbox=\"allow-scripts\" security=\"restricted\" style=\"position: absolute; clip: rect(1px, 1px, 1px, 1px);\" title=\"\u00abAbadecom, los usos del \u00e1rido fotoluminiscente\u00bb \u2014 Qu\u00e9!\" src=\"https:\/\/www.que.es\/2022\/12\/05\/abadecom-los-usos-del-arido-fotoluminiscente\/embed\/#?secret=6L5FPTN3eE#?secret=vo8BnqDk0D\" data-secret=\"vo8BnqDk0D\" width=\"600\" height=\"338\" frameborder=\"0\" marginwidth=\"0\" marginheight=\"0\" scrolling=\"no\"><\/iframe>\n<\/div><\/figure>","protected":false},"excerpt":{"rendered":"<p>Gracias una vez m\u00e1s a la prensa por dar visibilidad a otro de nuestros productos, que es el \u00e1rido fotoluminiscente. Nuestro \u00e1rido fotoluminiscente se ofrece en colores azul y verde. Tiene un aspecto f\u00edsico granular y su brillo tiene una duraci\u00f3n de m\u00e1s de 12 horas. Es muy resistente y puede instalarse en espacios con [&#8230;]<\/p>\n<p><a class=\"btn btn-secondary understrap-read-more-link\" href=\"https:\/\/abadecom.com\/en\/nuestro-arido-fotoluminiscente-en-la-prensa\/\">Read More&#8230;<span class=\"screen-reader-text\"> from Nuestro \u00e1rido fotoluminiscente en la prensa<\/span><\/a><\/p>\n","protected":false},"author":1,"featured_media":7882,"comment_status":"open","ping_status":"open","sticky":false,"template":"","format":"standard","meta":{"content-type":"","_monsterinsights_skip_tracking":false,"pgc_sgb_lightbox_settings":"","footnotes":""},"categories":[1],"tags":[],"class_list":["post-7881","post","type-post","status-publish","format-standard","has-post-thumbnail","hentry","category-sin-categorizar"],"yoast_head":"<!-- This site is optimized with the Yoast SEO plugin v28.4 - https:\/\/yoast.com\/product\/yoast-seo-wordpress\/ -->\n<title>Nuestro \u00e1rido fotoluminiscente en la prensa - Abadecom<\/title>\n<meta name=\"description\" content=\"Gracias una vez m\u00e1s a la prensa por dar visibilidad a otro de nuestros productos, que es el \u00e1rido fotoluminiscente.\" \/>\n<meta name=\"robots\" content=\"index, follow, max-snippet:-1, max-image-preview:large, max-video-preview:-1\" \/>\n<link rel=\"canonical\" href=\"https:\/\/abadecom.com\/en\/nuestro-arido-fotoluminiscente-en-la-prensa\/\" \/>\n<meta property=\"og:locale\" content=\"en_GB\" \/>\n<meta property=\"og:type\" content=\"article\" \/>\n<meta property=\"og:title\" content=\"Nuestro \u00e1rido fotoluminiscente en la prensa - Abadecom\" \/>\n<meta property=\"og:description\" content=\"Gracias una vez m\u00e1s a la prensa por dar visibilidad a otro de nuestros productos, que es el \u00e1rido fotoluminiscente.\" \/>\n<meta property=\"og:url\" content=\"https:\/\/abadecom.com\/en\/nuestro-arido-fotoluminiscente-en-la-prensa\/\" \/>\n<meta property=\"og:site_name\" content=\"Abadecom\" \/>\n<meta property=\"article:published_time\" content=\"2022-12-05T10:10:54+00:00\" \/>\n<meta property=\"article:modified_time\" content=\"2022-12-05T10:10:56+00:00\" \/>\n<meta property=\"og:image\" content=\"https:\/\/abadecom.com\/wp-content\/uploads\/2022\/12\/Arido-fotoluminiscente_Noche.jpeg\" \/>\n\t<meta property=\"og:image:width\" content=\"1500\" \/>\n\t<meta property=\"og:image:height\" content=\"2000\" \/>\n\t<meta property=\"og:image:type\" content=\"image\/jpeg\" \/>\n<meta name=\"author\" content=\"AdminAabadeco\" \/>\n<meta name=\"twitter:card\" content=\"summary_large_image\" \/>\n<meta name=\"twitter:label1\" content=\"Written by\" \/>\n\t<meta name=\"twitter:data1\" content=\"AdminAabadeco\" \/>\n\t<meta name=\"twitter:label2\" content=\"Estimated reading time\" \/>\n\t<meta name=\"twitter:data2\" content=\"1 minute\" \/>\n<script type=\"application\/ld+json\" class=\"yoast-schema-graph\">{\"@context\":\"https:\\\/\\\/schema.org\",\"@graph\":[{\"@type\":\"Article\",\"@id\":\"https:\\\/\\\/abadecom.com\\\/nuestro-arido-fotoluminiscente-en-la-prensa\\\/#article\",\"isPartOf\":{\"@id\":\"https:\\\/\\\/abadecom.com\\\/nuestro-arido-fotoluminiscente-en-la-prensa\\\/\"},\"author\":{\"name\":\"AdminAabadeco\",\"@id\":\"https:\\\/\\\/abadecom.com\\\/#\\\/schema\\\/person\\\/477a7cc0ed6c040d67343c7a3fda930b\"},\"headline\":\"Nuestro \u00e1rido fotoluminiscente en la prensa\",\"datePublished\":\"2022-12-05T10:10:54+00:00\",\"dateModified\":\"2022-12-05T10:10:56+00:00\",\"mainEntityOfPage\":{\"@id\":\"https:\\\/\\\/abadecom.com\\\/nuestro-arido-fotoluminiscente-en-la-prensa\\\/\"},\"wordCount\":149,\"commentCount\":0,\"publisher\":{\"@id\":\"https:\\\/\\\/abadecom.com\\\/#organization\"},\"image\":{\"@id\":\"https:\\\/\\\/abadecom.com\\\/nuestro-arido-fotoluminiscente-en-la-prensa\\\/#primaryimage\"},\"thumbnailUrl\":\"https:\\\/\\\/abadecom.com\\\/wp-content\\\/uploads\\\/2022\\\/12\\\/Arido-fotoluminiscente_Noche.jpeg\",\"articleSection\":[\"Sin categorizar\"],\"inLanguage\":\"en-GB\",\"potentialAction\":[{\"@type\":\"CommentAction\",\"name\":\"Comment\",\"target\":[\"https:\\\/\\\/abadecom.com\\\/nuestro-arido-fotoluminiscente-en-la-prensa\\\/#respond\"]}]},{\"@type\":\"WebPage\",\"@id\":\"https:\\\/\\\/abadecom.com\\\/nuestro-arido-fotoluminiscente-en-la-prensa\\\/\",\"url\":\"https:\\\/\\\/abadecom.com\\\/nuestro-arido-fotoluminiscente-en-la-prensa\\\/\",\"name\":\"Nuestro \u00e1rido fotoluminiscente en la prensa - Abadecom\",\"isPartOf\":{\"@id\":\"https:\\\/\\\/abadecom.com\\\/#website\"},\"primaryImageOfPage\":{\"@id\":\"https:\\\/\\\/abadecom.com\\\/nuestro-arido-fotoluminiscente-en-la-prensa\\\/#primaryimage\"},\"image\":{\"@id\":\"https:\\\/\\\/abadecom.com\\\/nuestro-arido-fotoluminiscente-en-la-prensa\\\/#primaryimage\"},\"thumbnailUrl\":\"https:\\\/\\\/abadecom.com\\\/wp-content\\\/uploads\\\/2022\\\/12\\\/Arido-fotoluminiscente_Noche.jpeg\",\"datePublished\":\"2022-12-05T10:10:54+00:00\",\"dateModified\":\"2022-12-05T10:10:56+00:00\",\"description\":\"Gracias una vez m\u00e1s a la prensa por dar visibilidad a otro de nuestros productos, que es el \u00e1rido fotoluminiscente.\",\"inLanguage\":\"en-GB\",\"potentialAction\":[{\"@type\":\"ReadAction\",\"target\":[\"https:\\\/\\\/abadecom.com\\\/nuestro-arido-fotoluminiscente-en-la-prensa\\\/\"]}]},{\"@type\":\"ImageObject\",\"inLanguage\":\"en-GB\",\"@id\":\"https:\\\/\\\/abadecom.com\\\/nuestro-arido-fotoluminiscente-en-la-prensa\\\/#primaryimage\",\"url\":\"https:\\\/\\\/abadecom.com\\\/wp-content\\\/uploads\\\/2022\\\/12\\\/Arido-fotoluminiscente_Noche.jpeg\",\"contentUrl\":\"https:\\\/\\\/abadecom.com\\\/wp-content\\\/uploads\\\/2022\\\/12\\\/Arido-fotoluminiscente_Noche.jpeg\",\"width\":1500,\"height\":2000},{\"@type\":\"WebSite\",\"@id\":\"https:\\\/\\\/abadecom.com\\\/#website\",\"url\":\"https:\\\/\\\/abadecom.com\\\/\",\"name\":\"Abadecom\",\"description\":\"Productos sostenibles y respetuosos con el medio ambiente\",\"publisher\":{\"@id\":\"https:\\\/\\\/abadecom.com\\\/#organization\"},\"alternateName\":\"Abadecom\",\"potentialAction\":[{\"@type\":\"SearchAction\",\"target\":{\"@type\":\"EntryPoint\",\"urlTemplate\":\"https:\\\/\\\/abadecom.com\\\/?s={search_term_string}\"},\"query-input\":{\"@type\":\"PropertyValueSpecification\",\"valueRequired\":true,\"valueName\":\"search_term_string\"}}],\"inLanguage\":\"en-GB\"},{\"@type\":\"Organization\",\"@id\":\"https:\\\/\\\/abadecom.com\\\/#organization\",\"name\":\"Abadecom\",\"url\":\"https:\\\/\\\/abadecom.com\\\/\",\"logo\":{\"@type\":\"ImageObject\",\"inLanguage\":\"en-GB\",\"@id\":\"https:\\\/\\\/abadecom.com\\\/#\\\/schema\\\/logo\\\/image\\\/\",\"url\":\"https:\\\/\\\/abadecom.com\\\/wp-content\\\/uploads\\\/2022\\\/03\\\/Logo-Abadecom-e1647715158799.png\",\"contentUrl\":\"https:\\\/\\\/abadecom.com\\\/wp-content\\\/uploads\\\/2022\\\/03\\\/Logo-Abadecom-e1647715158799.png\",\"width\":200,\"height\":117,\"caption\":\"Abadecom\"},\"image\":{\"@id\":\"https:\\\/\\\/abadecom.com\\\/#\\\/schema\\\/logo\\\/image\\\/\"}},{\"@type\":\"Person\",\"@id\":\"https:\\\/\\\/abadecom.com\\\/#\\\/schema\\\/person\\\/477a7cc0ed6c040d67343c7a3fda930b\",\"name\":\"AdminAabadeco\",\"image\":{\"@type\":\"ImageObject\",\"inLanguage\":\"en-GB\",\"@id\":\"https:\\\/\\\/secure.gravatar.com\\\/avatar\\\/2630c0cee03e7f483e5ca41ec6649375f24ca272e920f8386983684762e36487?s=96&d=mm&r=g\",\"url\":\"https:\\\/\\\/secure.gravatar.com\\\/avatar\\\/2630c0cee03e7f483e5ca41ec6649375f24ca272e920f8386983684762e36487?s=96&d=mm&r=g\",\"contentUrl\":\"https:\\\/\\\/secure.gravatar.com\\\/avatar\\\/2630c0cee03e7f483e5ca41ec6649375f24ca272e920f8386983684762e36487?s=96&d=mm&r=g\",\"caption\":\"AdminAabadeco\"},\"sameAs\":[\"https:\\\/\\\/abadecom.com\"],\"url\":\"https:\\\/\\\/abadecom.com\\\/en\\\/author\\\/adminaabadeco\\\/\"}]}<\/script>\n<!-- \/ Yoast SEO plugin. -->","yoast_head_json":{"title":"Nuestro \u00e1rido fotoluminiscente en la prensa - Abadecom","description":"Gracias una vez m\u00e1s a la prensa por dar visibilidad a otro de nuestros productos, que es el \u00e1rido fotoluminiscente.","robots":{"index":"index","follow":"follow","max-snippet":"max-snippet:-1","max-image-preview":"max-image-preview:large","max-video-preview":"max-video-preview:-1"},"canonical":"https:\/\/abadecom.com\/en\/nuestro-arido-fotoluminiscente-en-la-prensa\/","og_locale":"en_GB","og_type":"article","og_title":"Nuestro \u00e1rido fotoluminiscente en la prensa - Abadecom","og_description":"Gracias una vez m\u00e1s a la prensa por dar visibilidad a otro de nuestros productos, que es el \u00e1rido fotoluminiscente.","og_url":"https:\/\/abadecom.com\/en\/nuestro-arido-fotoluminiscente-en-la-prensa\/","og_site_name":"Abadecom","article_published_time":"2022-12-05T10:10:54+00:00","article_modified_time":"2022-12-05T10:10:56+00:00","og_image":[{"width":1500,"height":2000,"url":"https:\/\/abadecom.com\/wp-content\/uploads\/2022\/12\/Arido-fotoluminiscente_Noche.jpeg","type":"image\/jpeg"}],"author":"AdminAabadeco","twitter_card":"summary_large_image","twitter_misc":{"Written by":"AdminAabadeco","Estimated reading time":"1 minute"},"schema":{"@context":"https:\/\/schema.org","@graph":[{"@type":"Article","@id":"https:\/\/abadecom.com\/nuestro-arido-fotoluminiscente-en-la-prensa\/#article","isPartOf":{"@id":"https:\/\/abadecom.com\/nuestro-arido-fotoluminiscente-en-la-prensa\/"},"author":{"name":"AdminAabadeco","@id":"https:\/\/abadecom.com\/#\/schema\/person\/477a7cc0ed6c040d67343c7a3fda930b"},"headline":"Nuestro \u00e1rido fotoluminiscente en la prensa","datePublished":"2022-12-05T10:10:54+00:00","dateModified":"2022-12-05T10:10:56+00:00","mainEntityOfPage":{"@id":"https:\/\/abadecom.com\/nuestro-arido-fotoluminiscente-en-la-prensa\/"},"wordCount":149,"commentCount":0,"publisher":{"@id":"https:\/\/abadecom.com\/#organization"},"image":{"@id":"https:\/\/abadecom.com\/nuestro-arido-fotoluminiscente-en-la-prensa\/#primaryimage"},"thumbnailUrl":"https:\/\/abadecom.com\/wp-content\/uploads\/2022\/12\/Arido-fotoluminiscente_Noche.jpeg","articleSection":["Sin categorizar"],"inLanguage":"en-GB","potentialAction":[{"@type":"CommentAction","name":"Comment","target":["https:\/\/abadecom.com\/nuestro-arido-fotoluminiscente-en-la-prensa\/#respond"]}]},{"@type":"WebPage","@id":"https:\/\/abadecom.com\/nuestro-arido-fotoluminiscente-en-la-prensa\/","url":"https:\/\/abadecom.com\/nuestro-arido-fotoluminiscente-en-la-prensa\/","name":"Nuestro \u00e1rido fotoluminiscente en la prensa - Abadecom","isPartOf":{"@id":"https:\/\/abadecom.com\/#website"},"primaryImageOfPage":{"@id":"https:\/\/abadecom.com\/nuestro-arido-fotoluminiscente-en-la-prensa\/#primaryimage"},"image":{"@id":"https:\/\/abadecom.com\/nuestro-arido-fotoluminiscente-en-la-prensa\/#primaryimage"},"thumbnailUrl":"https:\/\/abadecom.com\/wp-content\/uploads\/2022\/12\/Arido-fotoluminiscente_Noche.jpeg","datePublished":"2022-12-05T10:10:54+00:00","dateModified":"2022-12-05T10:10:56+00:00","description":"Gracias una vez m\u00e1s a la prensa por dar visibilidad a otro de nuestros productos, que es el \u00e1rido fotoluminiscente.","inLanguage":"en-GB","potentialAction":[{"@type":"ReadAction","target":["https:\/\/abadecom.com\/nuestro-arido-fotoluminiscente-en-la-prensa\/"]}]},{"@type":"ImageObject","inLanguage":"en-GB","@id":"https:\/\/abadecom.com\/nuestro-arido-fotoluminiscente-en-la-prensa\/#primaryimage","url":"https:\/\/abadecom.com\/wp-content\/uploads\/2022\/12\/Arido-fotoluminiscente_Noche.jpeg","contentUrl":"https:\/\/abadecom.com\/wp-content\/uploads\/2022\/12\/Arido-fotoluminiscente_Noche.jpeg","width":1500,"height":2000},{"@type":"WebSite","@id":"https:\/\/abadecom.com\/#website","url":"https:\/\/abadecom.com\/","name":"Abadecom","description":"Sustainable and eco-friendly products","publisher":{"@id":"https:\/\/abadecom.com\/#organization"},"alternateName":"Abadecom","potentialAction":[{"@type":"SearchAction","target":{"@type":"EntryPoint","urlTemplate":"https:\/\/abadecom.com\/?s={search_term_string}"},"query-input":{"@type":"PropertyValueSpecification","valueRequired":true,"valueName":"search_term_string"}}],"inLanguage":"en-GB"},{"@type":"Organization","@id":"https:\/\/abadecom.com\/#organization","name":"Abadecom","url":"https:\/\/abadecom.com\/","logo":{"@type":"ImageObject","inLanguage":"en-GB","@id":"https:\/\/abadecom.com\/#\/schema\/logo\/image\/","url":"https:\/\/abadecom.com\/wp-content\/uploads\/2022\/03\/Logo-Abadecom-e1647715158799.png","contentUrl":"https:\/\/abadecom.com\/wp-content\/uploads\/2022\/03\/Logo-Abadecom-e1647715158799.png","width":200,"height":117,"caption":"Abadecom"},"image":{"@id":"https:\/\/abadecom.com\/#\/schema\/logo\/image\/"}},{"@type":"Person","@id":"https:\/\/abadecom.com\/#\/schema\/person\/477a7cc0ed6c040d67343c7a3fda930b","name":"AdminAabadeco","image":{"@type":"ImageObject","inLanguage":"en-GB","@id":"https:\/\/secure.gravatar.com\/avatar\/2630c0cee03e7f483e5ca41ec6649375f24ca272e920f8386983684762e36487?s=96&d=mm&r=g","url":"https:\/\/secure.gravatar.com\/avatar\/2630c0cee03e7f483e5ca41ec6649375f24ca272e920f8386983684762e36487?s=96&d=mm&r=g","contentUrl":"https:\/\/secure.gravatar.com\/avatar\/2630c0cee03e7f483e5ca41ec6649375f24ca272e920f8386983684762e36487?s=96&d=mm&r=g","caption":"AdminAabadeco"},"sameAs":["https:\/\/abadecom.com"],"url":"https:\/\/abadecom.com\/en\/author\/adminaabadeco\/"}]}},"_links":{"self":[{"href":"https:\/\/abadecom.com\/en\/wp-json\/wp\/v2\/posts\/7881","targetHints":{"allow":["GET"]}}],"collection":[{"href":"https:\/\/abadecom.com\/en\/wp-json\/wp\/v2\/posts"}],"about":[{"href":"https:\/\/abadecom.com\/en\/wp-json\/wp\/v2\/types\/post"}],"author":[{"embeddable":true,"href":"https:\/\/abadecom.com\/en\/wp-json\/wp\/v2\/users\/1"}],"replies":[{"embeddable":true,"href":"https:\/\/abadecom.com\/en\/wp-json\/wp\/v2\/comments?post=7881"}],"version-history":[{"count":3,"href":"https:\/\/abadecom.com\/en\/wp-json\/wp\/v2\/posts\/7881\/revisions"}],"predecessor-version":[{"id":7885,"href":"https:\/\/abadecom.com\/en\/wp-json\/wp\/v2\/posts\/7881\/revisions\/7885"}],"wp:featuredmedia":[{"embeddable":true,"href":"https:\/\/abadecom.com\/en\/wp-json\/wp\/v2\/media\/7882"}],"wp:attachment":[{"href":"https:\/\/abadecom.com\/en\/wp-json\/wp\/v2\/media?parent=7881"}],"wp:term":[{"taxonomy":"category","embeddable":true,"href":"https:\/\/abadecom.com\/en\/wp-json\/wp\/v2\/categories?post=7881"},{"taxonomy":"post_tag","embeddable":true,"href":"https:\/\/abadecom.com\/en\/wp-json\/wp\/v2\/tags?post=7881"}],"curies":[{"name":"wp","href":"https:\/\/api.w.org\/{rel}","templated":true}]}}