{"id":6239,"date":"2022-09-12T14:16:16","date_gmt":"2022-09-12T14:16:16","guid":{"rendered":"https:\/\/abadecom.com\/?p=6239"},"modified":"2022-09-13T08:31:07","modified_gmt":"2022-09-13T08:31:07","slug":"instalados-nuestros-vallados-de-plastico-reciclados-en-manises","status":"publish","type":"post","link":"https:\/\/abadecom.com\/en\/instalados-nuestros-vallados-de-plastico-reciclados-en-manises\/","title":{"rendered":"Instalados nuestros Vallados de Pl\u00e1stico Reciclados en Manises."},"content":{"rendered":"<p class=\"wp-block-paragraph\">Instalados m\u00e1s de 100 metros lineales de nuestros Vallados de Pl\u00e1stico 100% reciclado en la ciudad valenciana de Manises.<\/p>\n\n\n\n<p class=\"wp-block-paragraph\">Con esta instalaci\u00f3n, se le ha dado una segunda vida \u00fatil a 2 toneladas de desechos pl\u00e1sticos. ayudando a reducir la contaminaci\u00f3n de nuestras ciudades.<\/p>","protected":false},"excerpt":{"rendered":"<p>Instalados m\u00e1s de 100 metros lineales de nuestros Vallados de Pl\u00e1stico 100% reciclado en la ciudad valenciana de Manises. Con esta instalaci\u00f3n, se le ha dado una segunda vida \u00fatil a 2 toneladas de desechos pl\u00e1sticos. ayudando a reducir la contaminaci\u00f3n de nuestras ciudades. [&#8230;]<\/p>\n<p><a class=\"btn btn-secondary understrap-read-more-link\" href=\"https:\/\/abadecom.com\/en\/instalados-nuestros-vallados-de-plastico-reciclados-en-manises\/\">Read More&#8230;<span class=\"screen-reader-text\"> from Instalados nuestros Vallados de Pl\u00e1stico Reciclados en Manises.<\/span><\/a><\/p>\n","protected":false},"author":1,"featured_media":6250,"comment_status":"open","ping_status":"open","sticky":false,"template":"","format":"standard","meta":{"content-type":"","_monsterinsights_skip_tracking":false,"pgc_sgb_lightbox_settings":"","footnotes":""},"categories":[88],"tags":[],"class_list":["post-6239","post","type-post","status-publish","format-standard","has-post-thumbnail","hentry","category-trabajos"],"yoast_head":"<!-- This site is optimized with the Yoast SEO plugin v28.4 - https:\/\/yoast.com\/product\/yoast-seo-wordpress\/ -->\n<title>Instalados nuestros Vallados de Pl\u00e1stico Reciclados en Manises. - Abadecom<\/title>\n<meta name=\"robots\" content=\"index, follow, max-snippet:-1, max-image-preview:large, max-video-preview:-1\" \/>\n<link rel=\"canonical\" href=\"https:\/\/abadecom.com\/en\/instalados-nuestros-vallados-de-plastico-reciclados-en-manises\/\" \/>\n<meta property=\"og:locale\" content=\"en_GB\" \/>\n<meta property=\"og:type\" content=\"article\" \/>\n<meta property=\"og:title\" content=\"Instalados nuestros Vallados de Pl\u00e1stico Reciclados en Manises. - Abadecom\" \/>\n<meta property=\"og:description\" content=\"Instalados m\u00e1s de 100 metros lineales de nuestros Vallados de Pl\u00e1stico 100% reciclado en la ciudad valenciana de Manises. Con esta instalaci\u00f3n, se le ha dado una segunda vida \u00fatil a 2 toneladas de desechos pl\u00e1sticos. ayudando a reducir la contaminaci\u00f3n de nuestras ciudades. [...]Read More... from Instalados nuestros Vallados de Pl\u00e1stico Reciclados en Manises.\" \/>\n<meta property=\"og:url\" content=\"https:\/\/abadecom.com\/en\/instalados-nuestros-vallados-de-plastico-reciclados-en-manises\/\" \/>\n<meta property=\"og:site_name\" content=\"Abadecom\" \/>\n<meta property=\"article:published_time\" content=\"2022-09-12T14:16:16+00:00\" \/>\n<meta property=\"article:modified_time\" content=\"2022-09-13T08:31:07+00:00\" \/>\n<meta property=\"og:image\" content=\"https:\/\/abadecom.com\/wp-content\/uploads\/2022\/09\/WhatsApp-Image-2022-09-12-at-15.25.01-1.jpeg\" \/>\n\t<meta property=\"og:image:width\" content=\"1204\" \/>\n\t<meta property=\"og:image:height\" content=\"738\" \/>\n\t<meta property=\"og:image:type\" content=\"image\/jpeg\" \/>\n<meta name=\"author\" content=\"AdminAabadeco\" \/>\n<meta name=\"twitter:card\" content=\"summary_large_image\" \/>\n<meta name=\"twitter:label1\" content=\"Written by\" \/>\n\t<meta name=\"twitter:data1\" content=\"AdminAabadeco\" \/>\n\t<meta name=\"twitter:label2\" content=\"Estimated reading time\" \/>\n\t<meta name=\"twitter:data2\" content=\"1 minute\" \/>\n<script type=\"application\/ld+json\" class=\"yoast-schema-graph\">{\"@context\":\"https:\\\/\\\/schema.org\",\"@graph\":[{\"@type\":\"Article\",\"@id\":\"https:\\\/\\\/abadecom.com\\\/instalados-nuestros-vallados-de-plastico-reciclados-en-manises\\\/#article\",\"isPartOf\":{\"@id\":\"https:\\\/\\\/abadecom.com\\\/instalados-nuestros-vallados-de-plastico-reciclados-en-manises\\\/\"},\"author\":{\"name\":\"AdminAabadeco\",\"@id\":\"https:\\\/\\\/abadecom.com\\\/#\\\/schema\\\/person\\\/477a7cc0ed6c040d67343c7a3fda930b\"},\"headline\":\"Instalados nuestros Vallados de Pl\u00e1stico Reciclados en Manises.\",\"datePublished\":\"2022-09-12T14:16:16+00:00\",\"dateModified\":\"2022-09-13T08:31:07+00:00\",\"mainEntityOfPage\":{\"@id\":\"https:\\\/\\\/abadecom.com\\\/instalados-nuestros-vallados-de-plastico-reciclados-en-manises\\\/\"},\"wordCount\":55,\"commentCount\":1,\"publisher\":{\"@id\":\"https:\\\/\\\/abadecom.com\\\/#organization\"},\"image\":{\"@id\":\"https:\\\/\\\/abadecom.com\\\/instalados-nuestros-vallados-de-plastico-reciclados-en-manises\\\/#primaryimage\"},\"thumbnailUrl\":\"https:\\\/\\\/abadecom.com\\\/wp-content\\\/uploads\\\/2022\\\/09\\\/WhatsApp-Image-2022-09-12-at-15.25.01-1.jpeg\",\"articleSection\":[\"Trabajos\"],\"inLanguage\":\"en-GB\",\"potentialAction\":[{\"@type\":\"CommentAction\",\"name\":\"Comment\",\"target\":[\"https:\\\/\\\/abadecom.com\\\/instalados-nuestros-vallados-de-plastico-reciclados-en-manises\\\/#respond\"]}]},{\"@type\":\"WebPage\",\"@id\":\"https:\\\/\\\/abadecom.com\\\/instalados-nuestros-vallados-de-plastico-reciclados-en-manises\\\/\",\"url\":\"https:\\\/\\\/abadecom.com\\\/instalados-nuestros-vallados-de-plastico-reciclados-en-manises\\\/\",\"name\":\"Instalados nuestros Vallados de Pl\u00e1stico Reciclados en Manises. - Abadecom\",\"isPartOf\":{\"@id\":\"https:\\\/\\\/abadecom.com\\\/#website\"},\"primaryImageOfPage\":{\"@id\":\"https:\\\/\\\/abadecom.com\\\/instalados-nuestros-vallados-de-plastico-reciclados-en-manises\\\/#primaryimage\"},\"image\":{\"@id\":\"https:\\\/\\\/abadecom.com\\\/instalados-nuestros-vallados-de-plastico-reciclados-en-manises\\\/#primaryimage\"},\"thumbnailUrl\":\"https:\\\/\\\/abadecom.com\\\/wp-content\\\/uploads\\\/2022\\\/09\\\/WhatsApp-Image-2022-09-12-at-15.25.01-1.jpeg\",\"datePublished\":\"2022-09-12T14:16:16+00:00\",\"dateModified\":\"2022-09-13T08:31:07+00:00\",\"inLanguage\":\"en-GB\",\"potentialAction\":[{\"@type\":\"ReadAction\",\"target\":[\"https:\\\/\\\/abadecom.com\\\/instalados-nuestros-vallados-de-plastico-reciclados-en-manises\\\/\"]}]},{\"@type\":\"ImageObject\",\"inLanguage\":\"en-GB\",\"@id\":\"https:\\\/\\\/abadecom.com\\\/instalados-nuestros-vallados-de-plastico-reciclados-en-manises\\\/#primaryimage\",\"url\":\"https:\\\/\\\/abadecom.com\\\/wp-content\\\/uploads\\\/2022\\\/09\\\/WhatsApp-Image-2022-09-12-at-15.25.01-1.jpeg\",\"contentUrl\":\"https:\\\/\\\/abadecom.com\\\/wp-content\\\/uploads\\\/2022\\\/09\\\/WhatsApp-Image-2022-09-12-at-15.25.01-1.jpeg\",\"width\":1204,\"height\":738},{\"@type\":\"WebSite\",\"@id\":\"https:\\\/\\\/abadecom.com\\\/#website\",\"url\":\"https:\\\/\\\/abadecom.com\\\/\",\"name\":\"Abadecom\",\"description\":\"Productos sostenibles y respetuosos con el medio ambiente\",\"publisher\":{\"@id\":\"https:\\\/\\\/abadecom.com\\\/#organization\"},\"alternateName\":\"Abadecom\",\"potentialAction\":[{\"@type\":\"SearchAction\",\"target\":{\"@type\":\"EntryPoint\",\"urlTemplate\":\"https:\\\/\\\/abadecom.com\\\/?s={search_term_string}\"},\"query-input\":{\"@type\":\"PropertyValueSpecification\",\"valueRequired\":true,\"valueName\":\"search_term_string\"}}],\"inLanguage\":\"en-GB\"},{\"@type\":\"Organization\",\"@id\":\"https:\\\/\\\/abadecom.com\\\/#organization\",\"name\":\"Abadecom\",\"url\":\"https:\\\/\\\/abadecom.com\\\/\",\"logo\":{\"@type\":\"ImageObject\",\"inLanguage\":\"en-GB\",\"@id\":\"https:\\\/\\\/abadecom.com\\\/#\\\/schema\\\/logo\\\/image\\\/\",\"url\":\"https:\\\/\\\/abadecom.com\\\/wp-content\\\/uploads\\\/2022\\\/03\\\/Logo-Abadecom-e1647715158799.png\",\"contentUrl\":\"https:\\\/\\\/abadecom.com\\\/wp-content\\\/uploads\\\/2022\\\/03\\\/Logo-Abadecom-e1647715158799.png\",\"width\":200,\"height\":117,\"caption\":\"Abadecom\"},\"image\":{\"@id\":\"https:\\\/\\\/abadecom.com\\\/#\\\/schema\\\/logo\\\/image\\\/\"}},{\"@type\":\"Person\",\"@id\":\"https:\\\/\\\/abadecom.com\\\/#\\\/schema\\\/person\\\/477a7cc0ed6c040d67343c7a3fda930b\",\"name\":\"AdminAabadeco\",\"image\":{\"@type\":\"ImageObject\",\"inLanguage\":\"en-GB\",\"@id\":\"https:\\\/\\\/secure.gravatar.com\\\/avatar\\\/2630c0cee03e7f483e5ca41ec6649375f24ca272e920f8386983684762e36487?s=96&d=mm&r=g\",\"url\":\"https:\\\/\\\/secure.gravatar.com\\\/avatar\\\/2630c0cee03e7f483e5ca41ec6649375f24ca272e920f8386983684762e36487?s=96&d=mm&r=g\",\"contentUrl\":\"https:\\\/\\\/secure.gravatar.com\\\/avatar\\\/2630c0cee03e7f483e5ca41ec6649375f24ca272e920f8386983684762e36487?s=96&d=mm&r=g\",\"caption\":\"AdminAabadeco\"},\"sameAs\":[\"https:\\\/\\\/abadecom.com\"],\"url\":\"https:\\\/\\\/abadecom.com\\\/en\\\/author\\\/adminaabadeco\\\/\"}]}<\/script>\n<!-- \/ Yoast SEO plugin. -->","yoast_head_json":{"title":"Instalados nuestros Vallados de Pl\u00e1stico Reciclados en Manises. - Abadecom","robots":{"index":"index","follow":"follow","max-snippet":"max-snippet:-1","max-image-preview":"max-image-preview:large","max-video-preview":"max-video-preview:-1"},"canonical":"https:\/\/abadecom.com\/en\/instalados-nuestros-vallados-de-plastico-reciclados-en-manises\/","og_locale":"en_GB","og_type":"article","og_title":"Instalados nuestros Vallados de Pl\u00e1stico Reciclados en Manises. - Abadecom","og_description":"Instalados m\u00e1s de 100 metros lineales de nuestros Vallados de Pl\u00e1stico 100% reciclado en la ciudad valenciana de Manises. Con esta instalaci\u00f3n, se le ha dado una segunda vida \u00fatil a 2 toneladas de desechos pl\u00e1sticos. ayudando a reducir la contaminaci\u00f3n de nuestras ciudades. [...]Read More... from Instalados nuestros Vallados de Pl\u00e1stico Reciclados en Manises.","og_url":"https:\/\/abadecom.com\/en\/instalados-nuestros-vallados-de-plastico-reciclados-en-manises\/","og_site_name":"Abadecom","article_published_time":"2022-09-12T14:16:16+00:00","article_modified_time":"2022-09-13T08:31:07+00:00","og_image":[{"width":1204,"height":738,"url":"https:\/\/abadecom.com\/wp-content\/uploads\/2022\/09\/WhatsApp-Image-2022-09-12-at-15.25.01-1.jpeg","type":"image\/jpeg"}],"author":"AdminAabadeco","twitter_card":"summary_large_image","twitter_misc":{"Written by":"AdminAabadeco","Estimated reading time":"1 minute"},"schema":{"@context":"https:\/\/schema.org","@graph":[{"@type":"Article","@id":"https:\/\/abadecom.com\/instalados-nuestros-vallados-de-plastico-reciclados-en-manises\/#article","isPartOf":{"@id":"https:\/\/abadecom.com\/instalados-nuestros-vallados-de-plastico-reciclados-en-manises\/"},"author":{"name":"AdminAabadeco","@id":"https:\/\/abadecom.com\/#\/schema\/person\/477a7cc0ed6c040d67343c7a3fda930b"},"headline":"Instalados nuestros Vallados de Pl\u00e1stico Reciclados en Manises.","datePublished":"2022-09-12T14:16:16+00:00","dateModified":"2022-09-13T08:31:07+00:00","mainEntityOfPage":{"@id":"https:\/\/abadecom.com\/instalados-nuestros-vallados-de-plastico-reciclados-en-manises\/"},"wordCount":55,"commentCount":1,"publisher":{"@id":"https:\/\/abadecom.com\/#organization"},"image":{"@id":"https:\/\/abadecom.com\/instalados-nuestros-vallados-de-plastico-reciclados-en-manises\/#primaryimage"},"thumbnailUrl":"https:\/\/abadecom.com\/wp-content\/uploads\/2022\/09\/WhatsApp-Image-2022-09-12-at-15.25.01-1.jpeg","articleSection":["Trabajos"],"inLanguage":"en-GB","potentialAction":[{"@type":"CommentAction","name":"Comment","target":["https:\/\/abadecom.com\/instalados-nuestros-vallados-de-plastico-reciclados-en-manises\/#respond"]}]},{"@type":"WebPage","@id":"https:\/\/abadecom.com\/instalados-nuestros-vallados-de-plastico-reciclados-en-manises\/","url":"https:\/\/abadecom.com\/instalados-nuestros-vallados-de-plastico-reciclados-en-manises\/","name":"Instalados nuestros Vallados de Pl\u00e1stico Reciclados en Manises. - Abadecom","isPartOf":{"@id":"https:\/\/abadecom.com\/#website"},"primaryImageOfPage":{"@id":"https:\/\/abadecom.com\/instalados-nuestros-vallados-de-plastico-reciclados-en-manises\/#primaryimage"},"image":{"@id":"https:\/\/abadecom.com\/instalados-nuestros-vallados-de-plastico-reciclados-en-manises\/#primaryimage"},"thumbnailUrl":"https:\/\/abadecom.com\/wp-content\/uploads\/2022\/09\/WhatsApp-Image-2022-09-12-at-15.25.01-1.jpeg","datePublished":"2022-09-12T14:16:16+00:00","dateModified":"2022-09-13T08:31:07+00:00","inLanguage":"en-GB","potentialAction":[{"@type":"ReadAction","target":["https:\/\/abadecom.com\/instalados-nuestros-vallados-de-plastico-reciclados-en-manises\/"]}]},{"@type":"ImageObject","inLanguage":"en-GB","@id":"https:\/\/abadecom.com\/instalados-nuestros-vallados-de-plastico-reciclados-en-manises\/#primaryimage","url":"https:\/\/abadecom.com\/wp-content\/uploads\/2022\/09\/WhatsApp-Image-2022-09-12-at-15.25.01-1.jpeg","contentUrl":"https:\/\/abadecom.com\/wp-content\/uploads\/2022\/09\/WhatsApp-Image-2022-09-12-at-15.25.01-1.jpeg","width":1204,"height":738},{"@type":"WebSite","@id":"https:\/\/abadecom.com\/#website","url":"https:\/\/abadecom.com\/","name":"Abadecom","description":"Sustainable and eco-friendly products","publisher":{"@id":"https:\/\/abadecom.com\/#organization"},"alternateName":"Abadecom","potentialAction":[{"@type":"SearchAction","target":{"@type":"EntryPoint","urlTemplate":"https:\/\/abadecom.com\/?s={search_term_string}"},"query-input":{"@type":"PropertyValueSpecification","valueRequired":true,"valueName":"search_term_string"}}],"inLanguage":"en-GB"},{"@type":"Organization","@id":"https:\/\/abadecom.com\/#organization","name":"Abadecom","url":"https:\/\/abadecom.com\/","logo":{"@type":"ImageObject","inLanguage":"en-GB","@id":"https:\/\/abadecom.com\/#\/schema\/logo\/image\/","url":"https:\/\/abadecom.com\/wp-content\/uploads\/2022\/03\/Logo-Abadecom-e1647715158799.png","contentUrl":"https:\/\/abadecom.com\/wp-content\/uploads\/2022\/03\/Logo-Abadecom-e1647715158799.png","width":200,"height":117,"caption":"Abadecom"},"image":{"@id":"https:\/\/abadecom.com\/#\/schema\/logo\/image\/"}},{"@type":"Person","@id":"https:\/\/abadecom.com\/#\/schema\/person\/477a7cc0ed6c040d67343c7a3fda930b","name":"AdminAabadeco","image":{"@type":"ImageObject","inLanguage":"en-GB","@id":"https:\/\/secure.gravatar.com\/avatar\/2630c0cee03e7f483e5ca41ec6649375f24ca272e920f8386983684762e36487?s=96&d=mm&r=g","url":"https:\/\/secure.gravatar.com\/avatar\/2630c0cee03e7f483e5ca41ec6649375f24ca272e920f8386983684762e36487?s=96&d=mm&r=g","contentUrl":"https:\/\/secure.gravatar.com\/avatar\/2630c0cee03e7f483e5ca41ec6649375f24ca272e920f8386983684762e36487?s=96&d=mm&r=g","caption":"AdminAabadeco"},"sameAs":["https:\/\/abadecom.com"],"url":"https:\/\/abadecom.com\/en\/author\/adminaabadeco\/"}]}},"_links":{"self":[{"href":"https:\/\/abadecom.com\/en\/wp-json\/wp\/v2\/posts\/6239","targetHints":{"allow":["GET"]}}],"collection":[{"href":"https:\/\/abadecom.com\/en\/wp-json\/wp\/v2\/posts"}],"about":[{"href":"https:\/\/abadecom.com\/en\/wp-json\/wp\/v2\/types\/post"}],"author":[{"embeddable":true,"href":"https:\/\/abadecom.com\/en\/wp-json\/wp\/v2\/users\/1"}],"replies":[{"embeddable":true,"href":"https:\/\/abadecom.com\/en\/wp-json\/wp\/v2\/comments?post=6239"}],"version-history":[{"count":7,"href":"https:\/\/abadecom.com\/en\/wp-json\/wp\/v2\/posts\/6239\/revisions"}],"predecessor-version":[{"id":6271,"href":"https:\/\/abadecom.com\/en\/wp-json\/wp\/v2\/posts\/6239\/revisions\/6271"}],"wp:featuredmedia":[{"embeddable":true,"href":"https:\/\/abadecom.com\/en\/wp-json\/wp\/v2\/media\/6250"}],"wp:attachment":[{"href":"https:\/\/abadecom.com\/en\/wp-json\/wp\/v2\/media?parent=6239"}],"wp:term":[{"taxonomy":"category","embeddable":true,"href":"https:\/\/abadecom.com\/en\/wp-json\/wp\/v2\/categories?post=6239"},{"taxonomy":"post_tag","embeddable":true,"href":"https:\/\/abadecom.com\/en\/wp-json\/wp\/v2\/tags?post=6239"}],"curies":[{"name":"wp","href":"https:\/\/api.w.org\/{rel}","templated":true}]}}