{"id":6216,"date":"2022-07-14T12:00:52","date_gmt":"2022-07-14T12:00:52","guid":{"rendered":"https:\/\/abadecom.com\/?p=6216"},"modified":"2022-09-13T08:31:15","modified_gmt":"2022-09-13T08:31:15","slug":"satisfechos-con-la-instalacion-de-300-metros-de-nuestras-pilonas-de-plastico-reciclado-a-traves-de-nuestra-delegacion-en-costa-rica","status":"publish","type":"post","link":"https:\/\/abadecom.com\/en\/satisfechos-con-la-instalacion-de-300-metros-de-nuestras-pilonas-de-plastico-reciclado-a-traves-de-nuestra-delegacion-en-costa-rica\/","title":{"rendered":"Nuestras Pilonas de Pl\u00e1stico Reciclado instaladas en Costa Rica."},"content":{"rendered":"<p class=\"wp-block-paragraph\">Finalizada la instalaci\u00f3n de 300 metros de nuestras Pilonas de Pl\u00e1stico Reciclado a trav\u00e9s de nuestra delegaci\u00f3n en Costa Rica.<\/p>","protected":false},"excerpt":{"rendered":"<p>Finalizada la instalaci\u00f3n de 300 metros de nuestras Pilonas de Pl\u00e1stico Reciclado a trav\u00e9s de nuestra delegaci\u00f3n en Costa Rica. [&#8230;]<\/p>\n<p><a class=\"btn btn-secondary understrap-read-more-link\" href=\"https:\/\/abadecom.com\/en\/satisfechos-con-la-instalacion-de-300-metros-de-nuestras-pilonas-de-plastico-reciclado-a-traves-de-nuestra-delegacion-en-costa-rica\/\">Read More&#8230;<span class=\"screen-reader-text\"> from Nuestras Pilonas de Pl\u00e1stico Reciclado instaladas en Costa Rica.<\/span><\/a><\/p>\n","protected":false},"author":1,"featured_media":6221,"comment_status":"open","ping_status":"open","sticky":false,"template":"","format":"standard","meta":{"content-type":"","_monsterinsights_skip_tracking":false,"pgc_sgb_lightbox_settings":"","footnotes":""},"categories":[88],"tags":[],"class_list":["post-6216","post","type-post","status-publish","format-standard","has-post-thumbnail","hentry","category-trabajos"],"yoast_head":"<!-- This site is optimized with the Yoast SEO plugin v28.4 - https:\/\/yoast.com\/product\/yoast-seo-wordpress\/ -->\n<title>Nuestras Pilonas de Pl\u00e1stico Reciclado instaladas en Costa Rica. - Abadecom<\/title>\n<meta name=\"robots\" content=\"index, follow, max-snippet:-1, max-image-preview:large, max-video-preview:-1\" \/>\n<link rel=\"canonical\" href=\"https:\/\/abadecom.com\/en\/satisfechos-con-la-instalacion-de-300-metros-de-nuestras-pilonas-de-plastico-reciclado-a-traves-de-nuestra-delegacion-en-costa-rica\/\" \/>\n<meta property=\"og:locale\" content=\"en_GB\" \/>\n<meta property=\"og:type\" content=\"article\" \/>\n<meta property=\"og:title\" content=\"Nuestras Pilonas de Pl\u00e1stico Reciclado instaladas en Costa Rica. - Abadecom\" \/>\n<meta property=\"og:description\" content=\"Finalizada la instalaci\u00f3n de 300 metros de nuestras Pilonas de Pl\u00e1stico Reciclado a trav\u00e9s de nuestra delegaci\u00f3n en Costa Rica. [...]Read More... from Nuestras Pilonas de Pl\u00e1stico Reciclado instaladas en Costa Rica.\" \/>\n<meta property=\"og:url\" content=\"https:\/\/abadecom.com\/en\/satisfechos-con-la-instalacion-de-300-metros-de-nuestras-pilonas-de-plastico-reciclado-a-traves-de-nuestra-delegacion-en-costa-rica\/\" \/>\n<meta property=\"og:site_name\" content=\"Abadecom\" \/>\n<meta property=\"article:published_time\" content=\"2022-07-14T12:00:52+00:00\" \/>\n<meta property=\"article:modified_time\" content=\"2022-09-13T08:31:15+00:00\" \/>\n<meta property=\"og:image\" content=\"https:\/\/abadecom.com\/wp-content\/uploads\/2022\/07\/Pilonas-en-Costa-Rica_1.jpeg\" \/>\n\t<meta property=\"og:image:width\" content=\"463\" \/>\n\t<meta property=\"og:image:height\" content=\"418\" \/>\n\t<meta property=\"og:image:type\" content=\"image\/jpeg\" \/>\n<meta name=\"author\" content=\"AdminAabadeco\" \/>\n<meta name=\"twitter:card\" content=\"summary_large_image\" \/>\n<meta name=\"twitter:label1\" content=\"Written by\" \/>\n\t<meta name=\"twitter:data1\" content=\"AdminAabadeco\" \/>\n\t<meta name=\"twitter:label2\" content=\"Estimated reading time\" \/>\n\t<meta name=\"twitter:data2\" content=\"1 minute\" \/>\n<script type=\"application\/ld+json\" class=\"yoast-schema-graph\">{\"@context\":\"https:\\\/\\\/schema.org\",\"@graph\":[{\"@type\":\"Article\",\"@id\":\"https:\\\/\\\/abadecom.com\\\/satisfechos-con-la-instalacion-de-300-metros-de-nuestras-pilonas-de-plastico-reciclado-a-traves-de-nuestra-delegacion-en-costa-rica\\\/#article\",\"isPartOf\":{\"@id\":\"https:\\\/\\\/abadecom.com\\\/satisfechos-con-la-instalacion-de-300-metros-de-nuestras-pilonas-de-plastico-reciclado-a-traves-de-nuestra-delegacion-en-costa-rica\\\/\"},\"author\":{\"name\":\"AdminAabadeco\",\"@id\":\"https:\\\/\\\/abadecom.com\\\/#\\\/schema\\\/person\\\/477a7cc0ed6c040d67343c7a3fda930b\"},\"headline\":\"Nuestras Pilonas de Pl\u00e1stico Reciclado instaladas en Costa Rica.\",\"datePublished\":\"2022-07-14T12:00:52+00:00\",\"dateModified\":\"2022-09-13T08:31:15+00:00\",\"mainEntityOfPage\":{\"@id\":\"https:\\\/\\\/abadecom.com\\\/satisfechos-con-la-instalacion-de-300-metros-de-nuestras-pilonas-de-plastico-reciclado-a-traves-de-nuestra-delegacion-en-costa-rica\\\/\"},\"wordCount\":33,\"commentCount\":0,\"publisher\":{\"@id\":\"https:\\\/\\\/abadecom.com\\\/#organization\"},\"image\":{\"@id\":\"https:\\\/\\\/abadecom.com\\\/satisfechos-con-la-instalacion-de-300-metros-de-nuestras-pilonas-de-plastico-reciclado-a-traves-de-nuestra-delegacion-en-costa-rica\\\/#primaryimage\"},\"thumbnailUrl\":\"https:\\\/\\\/abadecom.com\\\/wp-content\\\/uploads\\\/2022\\\/07\\\/Pilonas-en-Costa-Rica_1-e1670414510570.jpeg\",\"articleSection\":[\"Trabajos\"],\"inLanguage\":\"en-GB\",\"potentialAction\":[{\"@type\":\"CommentAction\",\"name\":\"Comment\",\"target\":[\"https:\\\/\\\/abadecom.com\\\/satisfechos-con-la-instalacion-de-300-metros-de-nuestras-pilonas-de-plastico-reciclado-a-traves-de-nuestra-delegacion-en-costa-rica\\\/#respond\"]}]},{\"@type\":\"WebPage\",\"@id\":\"https:\\\/\\\/abadecom.com\\\/satisfechos-con-la-instalacion-de-300-metros-de-nuestras-pilonas-de-plastico-reciclado-a-traves-de-nuestra-delegacion-en-costa-rica\\\/\",\"url\":\"https:\\\/\\\/abadecom.com\\\/satisfechos-con-la-instalacion-de-300-metros-de-nuestras-pilonas-de-plastico-reciclado-a-traves-de-nuestra-delegacion-en-costa-rica\\\/\",\"name\":\"Nuestras Pilonas de Pl\u00e1stico Reciclado instaladas en Costa Rica. - Abadecom\",\"isPartOf\":{\"@id\":\"https:\\\/\\\/abadecom.com\\\/#website\"},\"primaryImageOfPage\":{\"@id\":\"https:\\\/\\\/abadecom.com\\\/satisfechos-con-la-instalacion-de-300-metros-de-nuestras-pilonas-de-plastico-reciclado-a-traves-de-nuestra-delegacion-en-costa-rica\\\/#primaryimage\"},\"image\":{\"@id\":\"https:\\\/\\\/abadecom.com\\\/satisfechos-con-la-instalacion-de-300-metros-de-nuestras-pilonas-de-plastico-reciclado-a-traves-de-nuestra-delegacion-en-costa-rica\\\/#primaryimage\"},\"thumbnailUrl\":\"https:\\\/\\\/abadecom.com\\\/wp-content\\\/uploads\\\/2022\\\/07\\\/Pilonas-en-Costa-Rica_1-e1670414510570.jpeg\",\"datePublished\":\"2022-07-14T12:00:52+00:00\",\"dateModified\":\"2022-09-13T08:31:15+00:00\",\"inLanguage\":\"en-GB\",\"potentialAction\":[{\"@type\":\"ReadAction\",\"target\":[\"https:\\\/\\\/abadecom.com\\\/satisfechos-con-la-instalacion-de-300-metros-de-nuestras-pilonas-de-plastico-reciclado-a-traves-de-nuestra-delegacion-en-costa-rica\\\/\"]}]},{\"@type\":\"ImageObject\",\"inLanguage\":\"en-GB\",\"@id\":\"https:\\\/\\\/abadecom.com\\\/satisfechos-con-la-instalacion-de-300-metros-de-nuestras-pilonas-de-plastico-reciclado-a-traves-de-nuestra-delegacion-en-costa-rica\\\/#primaryimage\",\"url\":\"https:\\\/\\\/abadecom.com\\\/wp-content\\\/uploads\\\/2022\\\/07\\\/Pilonas-en-Costa-Rica_1-e1670414510570.jpeg\",\"contentUrl\":\"https:\\\/\\\/abadecom.com\\\/wp-content\\\/uploads\\\/2022\\\/07\\\/Pilonas-en-Costa-Rica_1-e1670414510570.jpeg\",\"width\":436,\"height\":255},{\"@type\":\"WebSite\",\"@id\":\"https:\\\/\\\/abadecom.com\\\/#website\",\"url\":\"https:\\\/\\\/abadecom.com\\\/\",\"name\":\"Abadecom\",\"description\":\"Productos sostenibles y respetuosos con el medio ambiente\",\"publisher\":{\"@id\":\"https:\\\/\\\/abadecom.com\\\/#organization\"},\"alternateName\":\"Abadecom\",\"potentialAction\":[{\"@type\":\"SearchAction\",\"target\":{\"@type\":\"EntryPoint\",\"urlTemplate\":\"https:\\\/\\\/abadecom.com\\\/?s={search_term_string}\"},\"query-input\":{\"@type\":\"PropertyValueSpecification\",\"valueRequired\":true,\"valueName\":\"search_term_string\"}}],\"inLanguage\":\"en-GB\"},{\"@type\":\"Organization\",\"@id\":\"https:\\\/\\\/abadecom.com\\\/#organization\",\"name\":\"Abadecom\",\"url\":\"https:\\\/\\\/abadecom.com\\\/\",\"logo\":{\"@type\":\"ImageObject\",\"inLanguage\":\"en-GB\",\"@id\":\"https:\\\/\\\/abadecom.com\\\/#\\\/schema\\\/logo\\\/image\\\/\",\"url\":\"https:\\\/\\\/abadecom.com\\\/wp-content\\\/uploads\\\/2022\\\/03\\\/Logo-Abadecom-e1647715158799.png\",\"contentUrl\":\"https:\\\/\\\/abadecom.com\\\/wp-content\\\/uploads\\\/2022\\\/03\\\/Logo-Abadecom-e1647715158799.png\",\"width\":200,\"height\":117,\"caption\":\"Abadecom\"},\"image\":{\"@id\":\"https:\\\/\\\/abadecom.com\\\/#\\\/schema\\\/logo\\\/image\\\/\"}},{\"@type\":\"Person\",\"@id\":\"https:\\\/\\\/abadecom.com\\\/#\\\/schema\\\/person\\\/477a7cc0ed6c040d67343c7a3fda930b\",\"name\":\"AdminAabadeco\",\"image\":{\"@type\":\"ImageObject\",\"inLanguage\":\"en-GB\",\"@id\":\"https:\\\/\\\/secure.gravatar.com\\\/avatar\\\/2630c0cee03e7f483e5ca41ec6649375f24ca272e920f8386983684762e36487?s=96&d=mm&r=g\",\"url\":\"https:\\\/\\\/secure.gravatar.com\\\/avatar\\\/2630c0cee03e7f483e5ca41ec6649375f24ca272e920f8386983684762e36487?s=96&d=mm&r=g\",\"contentUrl\":\"https:\\\/\\\/secure.gravatar.com\\\/avatar\\\/2630c0cee03e7f483e5ca41ec6649375f24ca272e920f8386983684762e36487?s=96&d=mm&r=g\",\"caption\":\"AdminAabadeco\"},\"sameAs\":[\"https:\\\/\\\/abadecom.com\"],\"url\":\"https:\\\/\\\/abadecom.com\\\/en\\\/author\\\/adminaabadeco\\\/\"}]}<\/script>\n<!-- \/ Yoast SEO plugin. -->","yoast_head_json":{"title":"Nuestras Pilonas de Pl\u00e1stico Reciclado instaladas en Costa Rica. - Abadecom","robots":{"index":"index","follow":"follow","max-snippet":"max-snippet:-1","max-image-preview":"max-image-preview:large","max-video-preview":"max-video-preview:-1"},"canonical":"https:\/\/abadecom.com\/en\/satisfechos-con-la-instalacion-de-300-metros-de-nuestras-pilonas-de-plastico-reciclado-a-traves-de-nuestra-delegacion-en-costa-rica\/","og_locale":"en_GB","og_type":"article","og_title":"Nuestras Pilonas de Pl\u00e1stico Reciclado instaladas en Costa Rica. - Abadecom","og_description":"Finalizada la instalaci\u00f3n de 300 metros de nuestras Pilonas de Pl\u00e1stico Reciclado a trav\u00e9s de nuestra delegaci\u00f3n en Costa Rica. [...]Read More... from Nuestras Pilonas de Pl\u00e1stico Reciclado instaladas en Costa Rica.","og_url":"https:\/\/abadecom.com\/en\/satisfechos-con-la-instalacion-de-300-metros-de-nuestras-pilonas-de-plastico-reciclado-a-traves-de-nuestra-delegacion-en-costa-rica\/","og_site_name":"Abadecom","article_published_time":"2022-07-14T12:00:52+00:00","article_modified_time":"2022-09-13T08:31:15+00:00","og_image":[{"width":463,"height":418,"url":"https:\/\/abadecom.com\/wp-content\/uploads\/2022\/07\/Pilonas-en-Costa-Rica_1.jpeg","type":"image\/jpeg"}],"author":"AdminAabadeco","twitter_card":"summary_large_image","twitter_misc":{"Written by":"AdminAabadeco","Estimated reading time":"1 minute"},"schema":{"@context":"https:\/\/schema.org","@graph":[{"@type":"Article","@id":"https:\/\/abadecom.com\/satisfechos-con-la-instalacion-de-300-metros-de-nuestras-pilonas-de-plastico-reciclado-a-traves-de-nuestra-delegacion-en-costa-rica\/#article","isPartOf":{"@id":"https:\/\/abadecom.com\/satisfechos-con-la-instalacion-de-300-metros-de-nuestras-pilonas-de-plastico-reciclado-a-traves-de-nuestra-delegacion-en-costa-rica\/"},"author":{"name":"AdminAabadeco","@id":"https:\/\/abadecom.com\/#\/schema\/person\/477a7cc0ed6c040d67343c7a3fda930b"},"headline":"Nuestras Pilonas de Pl\u00e1stico Reciclado instaladas en Costa Rica.","datePublished":"2022-07-14T12:00:52+00:00","dateModified":"2022-09-13T08:31:15+00:00","mainEntityOfPage":{"@id":"https:\/\/abadecom.com\/satisfechos-con-la-instalacion-de-300-metros-de-nuestras-pilonas-de-plastico-reciclado-a-traves-de-nuestra-delegacion-en-costa-rica\/"},"wordCount":33,"commentCount":0,"publisher":{"@id":"https:\/\/abadecom.com\/#organization"},"image":{"@id":"https:\/\/abadecom.com\/satisfechos-con-la-instalacion-de-300-metros-de-nuestras-pilonas-de-plastico-reciclado-a-traves-de-nuestra-delegacion-en-costa-rica\/#primaryimage"},"thumbnailUrl":"https:\/\/abadecom.com\/wp-content\/uploads\/2022\/07\/Pilonas-en-Costa-Rica_1-e1670414510570.jpeg","articleSection":["Trabajos"],"inLanguage":"en-GB","potentialAction":[{"@type":"CommentAction","name":"Comment","target":["https:\/\/abadecom.com\/satisfechos-con-la-instalacion-de-300-metros-de-nuestras-pilonas-de-plastico-reciclado-a-traves-de-nuestra-delegacion-en-costa-rica\/#respond"]}]},{"@type":"WebPage","@id":"https:\/\/abadecom.com\/satisfechos-con-la-instalacion-de-300-metros-de-nuestras-pilonas-de-plastico-reciclado-a-traves-de-nuestra-delegacion-en-costa-rica\/","url":"https:\/\/abadecom.com\/satisfechos-con-la-instalacion-de-300-metros-de-nuestras-pilonas-de-plastico-reciclado-a-traves-de-nuestra-delegacion-en-costa-rica\/","name":"Nuestras Pilonas de Pl\u00e1stico Reciclado instaladas en Costa Rica. - Abadecom","isPartOf":{"@id":"https:\/\/abadecom.com\/#website"},"primaryImageOfPage":{"@id":"https:\/\/abadecom.com\/satisfechos-con-la-instalacion-de-300-metros-de-nuestras-pilonas-de-plastico-reciclado-a-traves-de-nuestra-delegacion-en-costa-rica\/#primaryimage"},"image":{"@id":"https:\/\/abadecom.com\/satisfechos-con-la-instalacion-de-300-metros-de-nuestras-pilonas-de-plastico-reciclado-a-traves-de-nuestra-delegacion-en-costa-rica\/#primaryimage"},"thumbnailUrl":"https:\/\/abadecom.com\/wp-content\/uploads\/2022\/07\/Pilonas-en-Costa-Rica_1-e1670414510570.jpeg","datePublished":"2022-07-14T12:00:52+00:00","dateModified":"2022-09-13T08:31:15+00:00","inLanguage":"en-GB","potentialAction":[{"@type":"ReadAction","target":["https:\/\/abadecom.com\/satisfechos-con-la-instalacion-de-300-metros-de-nuestras-pilonas-de-plastico-reciclado-a-traves-de-nuestra-delegacion-en-costa-rica\/"]}]},{"@type":"ImageObject","inLanguage":"en-GB","@id":"https:\/\/abadecom.com\/satisfechos-con-la-instalacion-de-300-metros-de-nuestras-pilonas-de-plastico-reciclado-a-traves-de-nuestra-delegacion-en-costa-rica\/#primaryimage","url":"https:\/\/abadecom.com\/wp-content\/uploads\/2022\/07\/Pilonas-en-Costa-Rica_1-e1670414510570.jpeg","contentUrl":"https:\/\/abadecom.com\/wp-content\/uploads\/2022\/07\/Pilonas-en-Costa-Rica_1-e1670414510570.jpeg","width":436,"height":255},{"@type":"WebSite","@id":"https:\/\/abadecom.com\/#website","url":"https:\/\/abadecom.com\/","name":"Abadecom","description":"Sustainable and eco-friendly products","publisher":{"@id":"https:\/\/abadecom.com\/#organization"},"alternateName":"Abadecom","potentialAction":[{"@type":"SearchAction","target":{"@type":"EntryPoint","urlTemplate":"https:\/\/abadecom.com\/?s={search_term_string}"},"query-input":{"@type":"PropertyValueSpecification","valueRequired":true,"valueName":"search_term_string"}}],"inLanguage":"en-GB"},{"@type":"Organization","@id":"https:\/\/abadecom.com\/#organization","name":"Abadecom","url":"https:\/\/abadecom.com\/","logo":{"@type":"ImageObject","inLanguage":"en-GB","@id":"https:\/\/abadecom.com\/#\/schema\/logo\/image\/","url":"https:\/\/abadecom.com\/wp-content\/uploads\/2022\/03\/Logo-Abadecom-e1647715158799.png","contentUrl":"https:\/\/abadecom.com\/wp-content\/uploads\/2022\/03\/Logo-Abadecom-e1647715158799.png","width":200,"height":117,"caption":"Abadecom"},"image":{"@id":"https:\/\/abadecom.com\/#\/schema\/logo\/image\/"}},{"@type":"Person","@id":"https:\/\/abadecom.com\/#\/schema\/person\/477a7cc0ed6c040d67343c7a3fda930b","name":"AdminAabadeco","image":{"@type":"ImageObject","inLanguage":"en-GB","@id":"https:\/\/secure.gravatar.com\/avatar\/2630c0cee03e7f483e5ca41ec6649375f24ca272e920f8386983684762e36487?s=96&d=mm&r=g","url":"https:\/\/secure.gravatar.com\/avatar\/2630c0cee03e7f483e5ca41ec6649375f24ca272e920f8386983684762e36487?s=96&d=mm&r=g","contentUrl":"https:\/\/secure.gravatar.com\/avatar\/2630c0cee03e7f483e5ca41ec6649375f24ca272e920f8386983684762e36487?s=96&d=mm&r=g","caption":"AdminAabadeco"},"sameAs":["https:\/\/abadecom.com"],"url":"https:\/\/abadecom.com\/en\/author\/adminaabadeco\/"}]}},"_links":{"self":[{"href":"https:\/\/abadecom.com\/en\/wp-json\/wp\/v2\/posts\/6216","targetHints":{"allow":["GET"]}}],"collection":[{"href":"https:\/\/abadecom.com\/en\/wp-json\/wp\/v2\/posts"}],"about":[{"href":"https:\/\/abadecom.com\/en\/wp-json\/wp\/v2\/types\/post"}],"author":[{"embeddable":true,"href":"https:\/\/abadecom.com\/en\/wp-json\/wp\/v2\/users\/1"}],"replies":[{"embeddable":true,"href":"https:\/\/abadecom.com\/en\/wp-json\/wp\/v2\/comments?post=6216"}],"version-history":[{"count":6,"href":"https:\/\/abadecom.com\/en\/wp-json\/wp\/v2\/posts\/6216\/revisions"}],"predecessor-version":[{"id":6269,"href":"https:\/\/abadecom.com\/en\/wp-json\/wp\/v2\/posts\/6216\/revisions\/6269"}],"wp:featuredmedia":[{"embeddable":true,"href":"https:\/\/abadecom.com\/en\/wp-json\/wp\/v2\/media\/6221"}],"wp:attachment":[{"href":"https:\/\/abadecom.com\/en\/wp-json\/wp\/v2\/media?parent=6216"}],"wp:term":[{"taxonomy":"category","embeddable":true,"href":"https:\/\/abadecom.com\/en\/wp-json\/wp\/v2\/categories?post=6216"},{"taxonomy":"post_tag","embeddable":true,"href":"https:\/\/abadecom.com\/en\/wp-json\/wp\/v2\/tags?post=6216"}],"curies":[{"name":"wp","href":"https:\/\/api.w.org\/{rel}","templated":true}]}}