{"id":5383,"date":"2022-05-04T10:29:31","date_gmt":"2022-05-04T10:29:31","guid":{"rendered":"https:\/\/abadecom.com\/?p=5383"},"modified":"2022-09-13T08:31:36","modified_gmt":"2022-09-13T08:31:36","slug":"comunicado-de-cambio-de-denominacion-social","status":"publish","type":"post","link":"https:\/\/abadecom.com\/en\/comunicado-de-cambio-de-denominacion-social\/","title":{"rendered":"Comunicado de cambio de denominaci\u00f3n social."},"content":{"rendered":"<p class=\"has-text-align-left wp-block-paragraph\">Nos place comunicarles que GBSolutions pasa a partir del este lunes 28 de marzo de 2022 a llamarse Abadecom Manufacturer SL (Abadecom).<br>Este cambio de nombre obedece a la necesidad de marcar un punto de inflexi\u00f3n en la historia de nuestra empresa, como plan de crecimiento hacia la v\u00eda de la internacionalizaci\u00f3n, que incluye acciones como la unificaci\u00f3n de la denominaci\u00f3n social y el lanzamiento de una imagen corporativa renovada que apuesta por el futuro.<\/p>","protected":false},"excerpt":{"rendered":"<p>Nos place comunicarles que GBSolutions pasa a partir del este lunes 28 de marzo de 2022 a llamarse Abadecom Manufacturer SL (Abadecom).Este cambio de nombre obedece a la necesidad de marcar un punto de inflexi\u00f3n en la historia de nuestra empresa, como plan de crecimiento hacia la v\u00eda de la internacionalizaci\u00f3n, que incluye acciones como [&#8230;]<\/p>\n<p><a class=\"btn btn-secondary understrap-read-more-link\" href=\"https:\/\/abadecom.com\/en\/comunicado-de-cambio-de-denominacion-social\/\">Read More&#8230;<span class=\"screen-reader-text\"> from Comunicado de cambio de denominaci\u00f3n social.<\/span><\/a><\/p>\n","protected":false},"author":1,"featured_media":5390,"comment_status":"open","ping_status":"open","sticky":false,"template":"","format":"standard","meta":{"content-type":"","_monsterinsights_skip_tracking":false,"pgc_sgb_lightbox_settings":"","footnotes":""},"categories":[88],"tags":[],"class_list":["post-5383","post","type-post","status-publish","format-standard","has-post-thumbnail","hentry","category-trabajos"],"yoast_head":"<!-- This site is optimized with the Yoast SEO plugin v28.4 - https:\/\/yoast.com\/product\/yoast-seo-wordpress\/ -->\n<title>Comunicado de cambio de denominaci\u00f3n social. - Abadecom<\/title>\n<meta name=\"robots\" content=\"index, follow, max-snippet:-1, max-image-preview:large, max-video-preview:-1\" \/>\n<link rel=\"canonical\" href=\"https:\/\/abadecom.com\/en\/comunicado-de-cambio-de-denominacion-social\/\" \/>\n<meta property=\"og:locale\" content=\"en_GB\" \/>\n<meta property=\"og:type\" content=\"article\" \/>\n<meta property=\"og:title\" content=\"Comunicado de cambio de denominaci\u00f3n social. - Abadecom\" \/>\n<meta property=\"og:description\" content=\"Nos place comunicarles que GBSolutions pasa a partir del este lunes 28 de marzo de 2022 a llamarse Abadecom Manufacturer SL (Abadecom).Este cambio de nombre obedece a la necesidad de marcar un punto de inflexi\u00f3n en la historia de nuestra empresa, como plan de crecimiento hacia la v\u00eda de la internacionalizaci\u00f3n, que incluye acciones como [...]Read More... from Comunicado de cambio de denominaci\u00f3n social.\" \/>\n<meta property=\"og:url\" content=\"https:\/\/abadecom.com\/en\/comunicado-de-cambio-de-denominacion-social\/\" \/>\n<meta property=\"og:site_name\" content=\"Abadecom\" \/>\n<meta property=\"article:published_time\" content=\"2022-05-04T10:29:31+00:00\" \/>\n<meta property=\"article:modified_time\" content=\"2022-09-13T08:31:36+00:00\" \/>\n<meta property=\"og:image\" content=\"https:\/\/abadecom.com\/wp-content\/uploads\/2022\/05\/Cominicado-cambio-de-Denominacion-Social-a-Abadecom_page-0001.jpg\" \/>\n\t<meta property=\"og:image:width\" content=\"1240\" \/>\n\t<meta property=\"og:image:height\" content=\"1755\" \/>\n\t<meta property=\"og:image:type\" content=\"image\/jpeg\" \/>\n<meta name=\"author\" content=\"AdminAabadeco\" \/>\n<meta name=\"twitter:card\" content=\"summary_large_image\" \/>\n<meta name=\"twitter:label1\" content=\"Written by\" \/>\n\t<meta name=\"twitter:data1\" content=\"AdminAabadeco\" \/>\n\t<meta name=\"twitter:label2\" content=\"Estimated reading time\" \/>\n\t<meta name=\"twitter:data2\" content=\"1 minute\" \/>\n<script type=\"application\/ld+json\" class=\"yoast-schema-graph\">{\"@context\":\"https:\\\/\\\/schema.org\",\"@graph\":[{\"@type\":\"Article\",\"@id\":\"https:\\\/\\\/abadecom.com\\\/comunicado-de-cambio-de-denominacion-social\\\/#article\",\"isPartOf\":{\"@id\":\"https:\\\/\\\/abadecom.com\\\/comunicado-de-cambio-de-denominacion-social\\\/\"},\"author\":{\"name\":\"AdminAabadeco\",\"@id\":\"https:\\\/\\\/abadecom.com\\\/#\\\/schema\\\/person\\\/477a7cc0ed6c040d67343c7a3fda930b\"},\"headline\":\"Comunicado de cambio de denominaci\u00f3n social.\",\"datePublished\":\"2022-05-04T10:29:31+00:00\",\"dateModified\":\"2022-09-13T08:31:36+00:00\",\"mainEntityOfPage\":{\"@id\":\"https:\\\/\\\/abadecom.com\\\/comunicado-de-cambio-de-denominacion-social\\\/\"},\"wordCount\":85,\"commentCount\":0,\"publisher\":{\"@id\":\"https:\\\/\\\/abadecom.com\\\/#organization\"},\"image\":{\"@id\":\"https:\\\/\\\/abadecom.com\\\/comunicado-de-cambio-de-denominacion-social\\\/#primaryimage\"},\"thumbnailUrl\":\"https:\\\/\\\/abadecom.com\\\/wp-content\\\/uploads\\\/2022\\\/05\\\/Cominicado-cambio-de-Denominacion-Social-a-Abadecom_page-0001.jpg\",\"articleSection\":[\"Trabajos\"],\"inLanguage\":\"en-GB\",\"potentialAction\":[{\"@type\":\"CommentAction\",\"name\":\"Comment\",\"target\":[\"https:\\\/\\\/abadecom.com\\\/comunicado-de-cambio-de-denominacion-social\\\/#respond\"]}]},{\"@type\":\"WebPage\",\"@id\":\"https:\\\/\\\/abadecom.com\\\/comunicado-de-cambio-de-denominacion-social\\\/\",\"url\":\"https:\\\/\\\/abadecom.com\\\/comunicado-de-cambio-de-denominacion-social\\\/\",\"name\":\"Comunicado de cambio de denominaci\u00f3n social. - Abadecom\",\"isPartOf\":{\"@id\":\"https:\\\/\\\/abadecom.com\\\/#website\"},\"primaryImageOfPage\":{\"@id\":\"https:\\\/\\\/abadecom.com\\\/comunicado-de-cambio-de-denominacion-social\\\/#primaryimage\"},\"image\":{\"@id\":\"https:\\\/\\\/abadecom.com\\\/comunicado-de-cambio-de-denominacion-social\\\/#primaryimage\"},\"thumbnailUrl\":\"https:\\\/\\\/abadecom.com\\\/wp-content\\\/uploads\\\/2022\\\/05\\\/Cominicado-cambio-de-Denominacion-Social-a-Abadecom_page-0001.jpg\",\"datePublished\":\"2022-05-04T10:29:31+00:00\",\"dateModified\":\"2022-09-13T08:31:36+00:00\",\"inLanguage\":\"en-GB\",\"potentialAction\":[{\"@type\":\"ReadAction\",\"target\":[\"https:\\\/\\\/abadecom.com\\\/comunicado-de-cambio-de-denominacion-social\\\/\"]}]},{\"@type\":\"ImageObject\",\"inLanguage\":\"en-GB\",\"@id\":\"https:\\\/\\\/abadecom.com\\\/comunicado-de-cambio-de-denominacion-social\\\/#primaryimage\",\"url\":\"https:\\\/\\\/abadecom.com\\\/wp-content\\\/uploads\\\/2022\\\/05\\\/Cominicado-cambio-de-Denominacion-Social-a-Abadecom_page-0001.jpg\",\"contentUrl\":\"https:\\\/\\\/abadecom.com\\\/wp-content\\\/uploads\\\/2022\\\/05\\\/Cominicado-cambio-de-Denominacion-Social-a-Abadecom_page-0001.jpg\",\"width\":1240,\"height\":1755},{\"@type\":\"WebSite\",\"@id\":\"https:\\\/\\\/abadecom.com\\\/#website\",\"url\":\"https:\\\/\\\/abadecom.com\\\/\",\"name\":\"Abadecom\",\"description\":\"Productos sostenibles y respetuosos con el medio ambiente\",\"publisher\":{\"@id\":\"https:\\\/\\\/abadecom.com\\\/#organization\"},\"alternateName\":\"Abadecom\",\"potentialAction\":[{\"@type\":\"SearchAction\",\"target\":{\"@type\":\"EntryPoint\",\"urlTemplate\":\"https:\\\/\\\/abadecom.com\\\/?s={search_term_string}\"},\"query-input\":{\"@type\":\"PropertyValueSpecification\",\"valueRequired\":true,\"valueName\":\"search_term_string\"}}],\"inLanguage\":\"en-GB\"},{\"@type\":\"Organization\",\"@id\":\"https:\\\/\\\/abadecom.com\\\/#organization\",\"name\":\"Abadecom\",\"url\":\"https:\\\/\\\/abadecom.com\\\/\",\"logo\":{\"@type\":\"ImageObject\",\"inLanguage\":\"en-GB\",\"@id\":\"https:\\\/\\\/abadecom.com\\\/#\\\/schema\\\/logo\\\/image\\\/\",\"url\":\"https:\\\/\\\/abadecom.com\\\/wp-content\\\/uploads\\\/2022\\\/03\\\/Logo-Abadecom-e1647715158799.png\",\"contentUrl\":\"https:\\\/\\\/abadecom.com\\\/wp-content\\\/uploads\\\/2022\\\/03\\\/Logo-Abadecom-e1647715158799.png\",\"width\":200,\"height\":117,\"caption\":\"Abadecom\"},\"image\":{\"@id\":\"https:\\\/\\\/abadecom.com\\\/#\\\/schema\\\/logo\\\/image\\\/\"}},{\"@type\":\"Person\",\"@id\":\"https:\\\/\\\/abadecom.com\\\/#\\\/schema\\\/person\\\/477a7cc0ed6c040d67343c7a3fda930b\",\"name\":\"AdminAabadeco\",\"image\":{\"@type\":\"ImageObject\",\"inLanguage\":\"en-GB\",\"@id\":\"https:\\\/\\\/secure.gravatar.com\\\/avatar\\\/2630c0cee03e7f483e5ca41ec6649375f24ca272e920f8386983684762e36487?s=96&d=mm&r=g\",\"url\":\"https:\\\/\\\/secure.gravatar.com\\\/avatar\\\/2630c0cee03e7f483e5ca41ec6649375f24ca272e920f8386983684762e36487?s=96&d=mm&r=g\",\"contentUrl\":\"https:\\\/\\\/secure.gravatar.com\\\/avatar\\\/2630c0cee03e7f483e5ca41ec6649375f24ca272e920f8386983684762e36487?s=96&d=mm&r=g\",\"caption\":\"AdminAabadeco\"},\"sameAs\":[\"https:\\\/\\\/abadecom.com\"],\"url\":\"https:\\\/\\\/abadecom.com\\\/en\\\/author\\\/adminaabadeco\\\/\"}]}<\/script>\n<!-- \/ Yoast SEO plugin. -->","yoast_head_json":{"title":"Comunicado de cambio de denominaci\u00f3n social. - Abadecom","robots":{"index":"index","follow":"follow","max-snippet":"max-snippet:-1","max-image-preview":"max-image-preview:large","max-video-preview":"max-video-preview:-1"},"canonical":"https:\/\/abadecom.com\/en\/comunicado-de-cambio-de-denominacion-social\/","og_locale":"en_GB","og_type":"article","og_title":"Comunicado de cambio de denominaci\u00f3n social. - Abadecom","og_description":"Nos place comunicarles que GBSolutions pasa a partir del este lunes 28 de marzo de 2022 a llamarse Abadecom Manufacturer SL (Abadecom).Este cambio de nombre obedece a la necesidad de marcar un punto de inflexi\u00f3n en la historia de nuestra empresa, como plan de crecimiento hacia la v\u00eda de la internacionalizaci\u00f3n, que incluye acciones como [...]Read More... from Comunicado de cambio de denominaci\u00f3n social.","og_url":"https:\/\/abadecom.com\/en\/comunicado-de-cambio-de-denominacion-social\/","og_site_name":"Abadecom","article_published_time":"2022-05-04T10:29:31+00:00","article_modified_time":"2022-09-13T08:31:36+00:00","og_image":[{"width":1240,"height":1755,"url":"https:\/\/abadecom.com\/wp-content\/uploads\/2022\/05\/Cominicado-cambio-de-Denominacion-Social-a-Abadecom_page-0001.jpg","type":"image\/jpeg"}],"author":"AdminAabadeco","twitter_card":"summary_large_image","twitter_misc":{"Written by":"AdminAabadeco","Estimated reading time":"1 minute"},"schema":{"@context":"https:\/\/schema.org","@graph":[{"@type":"Article","@id":"https:\/\/abadecom.com\/comunicado-de-cambio-de-denominacion-social\/#article","isPartOf":{"@id":"https:\/\/abadecom.com\/comunicado-de-cambio-de-denominacion-social\/"},"author":{"name":"AdminAabadeco","@id":"https:\/\/abadecom.com\/#\/schema\/person\/477a7cc0ed6c040d67343c7a3fda930b"},"headline":"Comunicado de cambio de denominaci\u00f3n social.","datePublished":"2022-05-04T10:29:31+00:00","dateModified":"2022-09-13T08:31:36+00:00","mainEntityOfPage":{"@id":"https:\/\/abadecom.com\/comunicado-de-cambio-de-denominacion-social\/"},"wordCount":85,"commentCount":0,"publisher":{"@id":"https:\/\/abadecom.com\/#organization"},"image":{"@id":"https:\/\/abadecom.com\/comunicado-de-cambio-de-denominacion-social\/#primaryimage"},"thumbnailUrl":"https:\/\/abadecom.com\/wp-content\/uploads\/2022\/05\/Cominicado-cambio-de-Denominacion-Social-a-Abadecom_page-0001.jpg","articleSection":["Trabajos"],"inLanguage":"en-GB","potentialAction":[{"@type":"CommentAction","name":"Comment","target":["https:\/\/abadecom.com\/comunicado-de-cambio-de-denominacion-social\/#respond"]}]},{"@type":"WebPage","@id":"https:\/\/abadecom.com\/comunicado-de-cambio-de-denominacion-social\/","url":"https:\/\/abadecom.com\/comunicado-de-cambio-de-denominacion-social\/","name":"Comunicado de cambio de denominaci\u00f3n social. - Abadecom","isPartOf":{"@id":"https:\/\/abadecom.com\/#website"},"primaryImageOfPage":{"@id":"https:\/\/abadecom.com\/comunicado-de-cambio-de-denominacion-social\/#primaryimage"},"image":{"@id":"https:\/\/abadecom.com\/comunicado-de-cambio-de-denominacion-social\/#primaryimage"},"thumbnailUrl":"https:\/\/abadecom.com\/wp-content\/uploads\/2022\/05\/Cominicado-cambio-de-Denominacion-Social-a-Abadecom_page-0001.jpg","datePublished":"2022-05-04T10:29:31+00:00","dateModified":"2022-09-13T08:31:36+00:00","inLanguage":"en-GB","potentialAction":[{"@type":"ReadAction","target":["https:\/\/abadecom.com\/comunicado-de-cambio-de-denominacion-social\/"]}]},{"@type":"ImageObject","inLanguage":"en-GB","@id":"https:\/\/abadecom.com\/comunicado-de-cambio-de-denominacion-social\/#primaryimage","url":"https:\/\/abadecom.com\/wp-content\/uploads\/2022\/05\/Cominicado-cambio-de-Denominacion-Social-a-Abadecom_page-0001.jpg","contentUrl":"https:\/\/abadecom.com\/wp-content\/uploads\/2022\/05\/Cominicado-cambio-de-Denominacion-Social-a-Abadecom_page-0001.jpg","width":1240,"height":1755},{"@type":"WebSite","@id":"https:\/\/abadecom.com\/#website","url":"https:\/\/abadecom.com\/","name":"Abadecom","description":"Sustainable and eco-friendly products","publisher":{"@id":"https:\/\/abadecom.com\/#organization"},"alternateName":"Abadecom","potentialAction":[{"@type":"SearchAction","target":{"@type":"EntryPoint","urlTemplate":"https:\/\/abadecom.com\/?s={search_term_string}"},"query-input":{"@type":"PropertyValueSpecification","valueRequired":true,"valueName":"search_term_string"}}],"inLanguage":"en-GB"},{"@type":"Organization","@id":"https:\/\/abadecom.com\/#organization","name":"Abadecom","url":"https:\/\/abadecom.com\/","logo":{"@type":"ImageObject","inLanguage":"en-GB","@id":"https:\/\/abadecom.com\/#\/schema\/logo\/image\/","url":"https:\/\/abadecom.com\/wp-content\/uploads\/2022\/03\/Logo-Abadecom-e1647715158799.png","contentUrl":"https:\/\/abadecom.com\/wp-content\/uploads\/2022\/03\/Logo-Abadecom-e1647715158799.png","width":200,"height":117,"caption":"Abadecom"},"image":{"@id":"https:\/\/abadecom.com\/#\/schema\/logo\/image\/"}},{"@type":"Person","@id":"https:\/\/abadecom.com\/#\/schema\/person\/477a7cc0ed6c040d67343c7a3fda930b","name":"AdminAabadeco","image":{"@type":"ImageObject","inLanguage":"en-GB","@id":"https:\/\/secure.gravatar.com\/avatar\/2630c0cee03e7f483e5ca41ec6649375f24ca272e920f8386983684762e36487?s=96&d=mm&r=g","url":"https:\/\/secure.gravatar.com\/avatar\/2630c0cee03e7f483e5ca41ec6649375f24ca272e920f8386983684762e36487?s=96&d=mm&r=g","contentUrl":"https:\/\/secure.gravatar.com\/avatar\/2630c0cee03e7f483e5ca41ec6649375f24ca272e920f8386983684762e36487?s=96&d=mm&r=g","caption":"AdminAabadeco"},"sameAs":["https:\/\/abadecom.com"],"url":"https:\/\/abadecom.com\/en\/author\/adminaabadeco\/"}]}},"_links":{"self":[{"href":"https:\/\/abadecom.com\/en\/wp-json\/wp\/v2\/posts\/5383","targetHints":{"allow":["GET"]}}],"collection":[{"href":"https:\/\/abadecom.com\/en\/wp-json\/wp\/v2\/posts"}],"about":[{"href":"https:\/\/abadecom.com\/en\/wp-json\/wp\/v2\/types\/post"}],"author":[{"embeddable":true,"href":"https:\/\/abadecom.com\/en\/wp-json\/wp\/v2\/users\/1"}],"replies":[{"embeddable":true,"href":"https:\/\/abadecom.com\/en\/wp-json\/wp\/v2\/comments?post=5383"}],"version-history":[{"count":2,"href":"https:\/\/abadecom.com\/en\/wp-json\/wp\/v2\/posts\/5383\/revisions"}],"predecessor-version":[{"id":6272,"href":"https:\/\/abadecom.com\/en\/wp-json\/wp\/v2\/posts\/5383\/revisions\/6272"}],"wp:featuredmedia":[{"embeddable":true,"href":"https:\/\/abadecom.com\/en\/wp-json\/wp\/v2\/media\/5390"}],"wp:attachment":[{"href":"https:\/\/abadecom.com\/en\/wp-json\/wp\/v2\/media?parent=5383"}],"wp:term":[{"taxonomy":"category","embeddable":true,"href":"https:\/\/abadecom.com\/en\/wp-json\/wp\/v2\/categories?post=5383"},{"taxonomy":"post_tag","embeddable":true,"href":"https:\/\/abadecom.com\/en\/wp-json\/wp\/v2\/tags?post=5383"}],"curies":[{"name":"wp","href":"https:\/\/api.w.org\/{rel}","templated":true}]}}