{"id":10212,"date":"2026-06-10T10:40:35","date_gmt":"2026-06-10T10:40:35","guid":{"rendered":"https:\/\/abadecom.com\/?p=10212"},"modified":"2026-06-10T10:40:36","modified_gmt":"2026-06-10T10:40:36","slug":"productos-fotoluminiscentes-seguridad-sostenibilidad-y-diseno-para-espacios-urbanos","status":"publish","type":"post","link":"https:\/\/abadecom.com\/en\/productos-fotoluminiscentes-seguridad-sostenibilidad-y-diseno-para-espacios-urbanos\/","title":{"rendered":"Photoluminescent products: safety, sustainability and design for urban spaces"},"content":{"rendered":"\n<p class=\"wp-block-paragraph\">Hay espacios que cambian por completo cuando cae la noche. Un paseo, un carril bici, un acceso a una zona verde, un parking exterior o un camino peatonal pueden ser c\u00f3modos y seguros durante el d\u00eda, pero perder visibilidad cuando baja la luz. Ah\u00ed es donde los <strong><a href=\"https:\/\/abadecom.com\/fotoluminiscencia\/\">productos fotoluminiscentes<\/a><\/strong> se convierten en una soluci\u00f3n sencilla, pr\u00e1ctica y muy visual.<\/p>\n\n\n\n<p class=\"wp-block-paragraph\">En <strong>Abadecom Urban<\/strong> trabajamos con productos fotoluminiscentes pensados para mejorar la orientaci\u00f3n, reforzar la seguridad y aportar un toque innovador a espacios urbanos, naturales, industriales y de movilidad.<\/p>\n\n\n\n<p class=\"wp-block-paragraph\">No hablamos de se\u00f1ales convencionales. Hablamos de productos que se integran en el entorno y que ayudan a guiar, delimitar o destacar recorridos sin necesidad de consumo el\u00e9ctrico continuo.<\/p>\n\n\n<style>.wp-block-kadence-advancedheading.kt-adv-heading10212_ba74bd-1c, .wp-block-kadence-advancedheading.kt-adv-heading10212_ba74bd-1c[data-kb-block=\"kb-adv-heading10212_ba74bd-1c\"]{font-style:normal;}.wp-block-kadence-advancedheading.kt-adv-heading10212_ba74bd-1c mark.kt-highlight, .wp-block-kadence-advancedheading.kt-adv-heading10212_ba74bd-1c[data-kb-block=\"kb-adv-heading10212_ba74bd-1c\"] mark.kt-highlight{font-style:normal;color:#f76a0c;-webkit-box-decoration-break:clone;box-decoration-break:clone;padding-top:0px;padding-right:0px;padding-bottom:0px;padding-left:0px;}.wp-block-kadence-advancedheading.kt-adv-heading10212_ba74bd-1c img.kb-inline-image, .wp-block-kadence-advancedheading.kt-adv-heading10212_ba74bd-1c[data-kb-block=\"kb-adv-heading10212_ba74bd-1c\"] img.kb-inline-image{width:150px;vertical-align:baseline;}<\/style>\n<h2 class=\"kt-adv-heading10212_ba74bd-1c wp-block-kadence-advancedheading\" data-kb-block=\"kb-adv-heading10212_ba74bd-1c\">\u00bfQu\u00e9 significa que un producto sea fotoluminiscente?<\/h2>\n\n\n\n<p class=\"wp-block-paragraph\">Un producto fotoluminiscente tiene la capacidad de absorber luz natural o artificial y emitirla despu\u00e9s en la oscuridad.<\/p>\n\n\n\n<p class=\"wp-block-paragraph\">Durante el d\u00eda, o mientras recibe una fuente de luz, el material se carga. Cuando llega la noche o disminuye la iluminaci\u00f3n, libera esa energ\u00eda en forma de brillo visible. El resultado es un efecto muy \u00fatil: caminos, bordes, zonas de paso o elementos urbanos que siguen siendo perceptibles cuando hay poca luz.<\/p>\n\n\n\n<p class=\"wp-block-paragraph\">En el caso de Abadecom Urban, incluye productos fotoluminiscentes como <strong><a href=\"https:\/\/abadecom.com\/arido-fotoluminiscente\/\">\u00e1rido o piedra fotoluminiscente<\/a>, <a href=\"https:\/\/abadecom.com\/loseta-fotoluminiscente\/\">loseta fotoluminiscente<\/a>, <a href=\"https:\/\/abadecom.com\/baliza-truncada-fotoluminiscente\/\">baliza truncada fotoluminiscente<\/a>, <a href=\"https:\/\/abadecom.com\/baliza-de-plastico-reciclado\/\">eco-baliza fotoluminiscente<\/a> y <\/strong><a href=\"https:\/\/abadecom.com\/separador-carril-bici\/\"><strong>separador de carril bici fotoluminiscente<\/strong>.<\/a><\/p>\n\n\n\n<p class=\"wp-block-paragraph\">La fotoluminiscencia tiene un componente visual muy atractivo, pero su valor va mucho m\u00e1s all\u00e1 de lo decorativo.<\/p>\n\n\n\n<p class=\"wp-block-paragraph\">Estos productos pueden ayudar a marcar recorridos, delimitar espacios, reforzar zonas de paso o mejorar la percepci\u00f3n de determinados puntos durante la noche. Esto resulta especialmente interesante en lugares donde no siempre hay iluminaci\u00f3n suficiente o donde se busca una soluci\u00f3n m\u00e1s sostenible.<\/p>\n\n\n<style>.wp-block-kadence-advancedheading.kt-adv-heading10212_a21898-03, .wp-block-kadence-advancedheading.kt-adv-heading10212_a21898-03[data-kb-block=\"kb-adv-heading10212_a21898-03\"]{font-style:normal;}.wp-block-kadence-advancedheading.kt-adv-heading10212_a21898-03 mark.kt-highlight, .wp-block-kadence-advancedheading.kt-adv-heading10212_a21898-03[data-kb-block=\"kb-adv-heading10212_a21898-03\"] mark.kt-highlight{font-style:normal;color:#f76a0c;-webkit-box-decoration-break:clone;box-decoration-break:clone;padding-top:0px;padding-right:0px;padding-bottom:0px;padding-left:0px;}.wp-block-kadence-advancedheading.kt-adv-heading10212_a21898-03 img.kb-inline-image, .wp-block-kadence-advancedheading.kt-adv-heading10212_a21898-03[data-kb-block=\"kb-adv-heading10212_a21898-03\"] img.kb-inline-image{width:150px;vertical-align:baseline;}<\/style>\n<h3 class=\"kt-adv-heading10212_a21898-03 wp-block-kadence-advancedheading\" data-kb-block=\"kb-adv-heading10212_a21898-03\">\u00c1rido fotoluminiscente: caminos que brillan<\/h3>\n\n\n\n<p class=\"wp-block-paragraph\">El <strong>\u00e1rido fotoluminiscente<\/strong> es una de las soluciones m\u00e1s llamativas y vers\u00e1tiles. Puede integrarse en pavimentos, senderos, zonas ajardinadas o recorridos decorativos para crear un efecto luminoso durante la noche.<\/p>\n\n\n\n<p class=\"wp-block-paragraph\">Es una opci\u00f3n ideal para proyectos que buscan unir seguridad, dise\u00f1o y sostenibilidad.<\/p>\n\n\n\n<p class=\"wp-block-paragraph\">Puede utilizarse para destacar caminos, marcar zonas de paso o crear ambientes singulares en espacios p\u00fablicos y privados. Adem\u00e1s, aporta un valor a\u00f1adido en proyectos tur\u00edsticos, paisaj\u00edsticos o de regeneraci\u00f3n urbana, donde la est\u00e9tica tambi\u00e9n forma parte de la experiencia.<\/p>\n\n\n<style>.wp-block-kadence-advancedheading.kt-adv-heading10212_e37cbd-2c, .wp-block-kadence-advancedheading.kt-adv-heading10212_e37cbd-2c[data-kb-block=\"kb-adv-heading10212_e37cbd-2c\"]{font-style:normal;}.wp-block-kadence-advancedheading.kt-adv-heading10212_e37cbd-2c mark.kt-highlight, .wp-block-kadence-advancedheading.kt-adv-heading10212_e37cbd-2c[data-kb-block=\"kb-adv-heading10212_e37cbd-2c\"] mark.kt-highlight{font-style:normal;color:#f76a0c;-webkit-box-decoration-break:clone;box-decoration-break:clone;padding-top:0px;padding-right:0px;padding-bottom:0px;padding-left:0px;}.wp-block-kadence-advancedheading.kt-adv-heading10212_e37cbd-2c img.kb-inline-image, .wp-block-kadence-advancedheading.kt-adv-heading10212_e37cbd-2c[data-kb-block=\"kb-adv-heading10212_e37cbd-2c\"] img.kb-inline-image{width:150px;vertical-align:baseline;}<\/style>\n<h3 class=\"kt-adv-heading10212_e37cbd-2c wp-block-kadence-advancedheading\" data-kb-block=\"kb-adv-heading10212_e37cbd-2c\">Losetas fotoluminiscentes: guiado sencillo y funcional<\/h3>\n\n\n\n<p class=\"wp-block-paragraph\">Las <strong>losetas fotoluminiscentes<\/strong> son una soluci\u00f3n muy pr\u00e1ctica para marcar recorridos o puntos concretos de paso.<\/p>\n\n\n\n<p class=\"wp-block-paragraph\">Pueden colocarse en caminos, zonas exteriores, accesos o espacios donde interese reforzar la orientaci\u00f3n durante la noche. Su funci\u00f3n es clara: ayudar a que las personas identifiquen mejor por d\u00f3nde caminar o hacia d\u00f3nde dirigirse.<\/p>\n\n\n\n<p class=\"wp-block-paragraph\">Adem\u00e1s, las losetas fotoluminiscentes de Abadecom est\u00e1n dise\u00f1adas para uso exterior y son resistentes al agua, a los rayos UV y a los golpes, lo que permite utilizarlas en espacios expuestos a la intemperie.<\/p>\n\n\n\n<p class=\"wp-block-paragraph\">Son una opci\u00f3n interesante para parques, rutas, zonas peatonales, \u00e1reas recreativas o caminos en los que se quiera a\u00f1adir una ayuda visual sin instalar sistemas el\u00e9ctricos complejos.<\/p>\n\n\n<style>.wp-block-kadence-advancedheading.kt-adv-heading10212_fc6ab4-cb, .wp-block-kadence-advancedheading.kt-adv-heading10212_fc6ab4-cb[data-kb-block=\"kb-adv-heading10212_fc6ab4-cb\"]{font-style:normal;}.wp-block-kadence-advancedheading.kt-adv-heading10212_fc6ab4-cb mark.kt-highlight, .wp-block-kadence-advancedheading.kt-adv-heading10212_fc6ab4-cb[data-kb-block=\"kb-adv-heading10212_fc6ab4-cb\"] mark.kt-highlight{font-style:normal;color:#f76a0c;-webkit-box-decoration-break:clone;box-decoration-break:clone;padding-top:0px;padding-right:0px;padding-bottom:0px;padding-left:0px;}.wp-block-kadence-advancedheading.kt-adv-heading10212_fc6ab4-cb img.kb-inline-image, .wp-block-kadence-advancedheading.kt-adv-heading10212_fc6ab4-cb[data-kb-block=\"kb-adv-heading10212_fc6ab4-cb\"] img.kb-inline-image{width:150px;vertical-align:baseline;}<\/style>\n<h3 class=\"kt-adv-heading10212_fc6ab4-cb wp-block-kadence-advancedheading\" data-kb-block=\"kb-adv-heading10212_fc6ab4-cb\">Balizas y eco-balizas fotoluminiscentes<\/h3>\n\n\n\n<p class=\"wp-block-paragraph\">Las <strong>balizas fotoluminiscentes<\/strong> permiten delimitar, orientar y reforzar la visibilidad de determinados recorridos o espacios.<\/p>\n\n\n\n<p class=\"wp-block-paragraph\">Son especialmente \u00fatiles en caminos, zonas naturales, parques, accesos, senderos o \u00e1reas donde se quiera guiar al usuario de forma discreta y eficaz.<\/p>\n\n\n\n<p class=\"wp-block-paragraph\">La gran ventaja es que cumplen una doble funci\u00f3n: por un lado, ayudan a mejorar la orientaci\u00f3n; por otro, se integran en proyectos donde la sostenibilidad, el bajo mantenimiento y la reducci\u00f3n del impacto ambiental son importantes.<\/p>\n\n\n<style>.wp-block-kadence-advancedheading.kt-adv-heading10212_d99df4-9a, .wp-block-kadence-advancedheading.kt-adv-heading10212_d99df4-9a[data-kb-block=\"kb-adv-heading10212_d99df4-9a\"]{font-style:normal;}.wp-block-kadence-advancedheading.kt-adv-heading10212_d99df4-9a mark.kt-highlight, .wp-block-kadence-advancedheading.kt-adv-heading10212_d99df4-9a[data-kb-block=\"kb-adv-heading10212_d99df4-9a\"] mark.kt-highlight{font-style:normal;color:#f76a0c;-webkit-box-decoration-break:clone;box-decoration-break:clone;padding-top:0px;padding-right:0px;padding-bottom:0px;padding-left:0px;}.wp-block-kadence-advancedheading.kt-adv-heading10212_d99df4-9a img.kb-inline-image, .wp-block-kadence-advancedheading.kt-adv-heading10212_d99df4-9a[data-kb-block=\"kb-adv-heading10212_d99df4-9a\"] img.kb-inline-image{width:150px;vertical-align:baseline;}<\/style>\n<h3 class=\"kt-adv-heading10212_d99df4-9a wp-block-kadence-advancedheading\" data-kb-block=\"kb-adv-heading10212_d99df4-9a\">Separadores de carril bici fotoluminiscentes<\/h3>\n\n\n\n<p class=\"wp-block-paragraph\">La movilidad urbana est\u00e1 cambiando, y los carriles bici son cada vez m\u00e1s importantes en pueblos y ciudades.<\/p>\n\n\n\n<p class=\"wp-block-paragraph\">En este contexto, los <strong>separadores de carril bici fotoluminiscentes<\/strong> aportan una ventaja muy clara: ayudan a delimitar el espacio ciclista y mejoran su visibilidad en condiciones de baja luz.<\/p>\n\n\n\n<p class=\"wp-block-paragraph\">El separador de carril bici fotoluminiscente de Abadecom Urban est\u00e1 dise\u00f1ado para facilitar su instalaci\u00f3n mediante tornillos de anclaje, lo que permite un montaje r\u00e1pido y sencillo, sin necesidad de obras complejas.<\/p>\n\n\n\n<p class=\"wp-block-paragraph\">Adem\u00e1s, est\u00e1 fabricado con PVC 100 % reciclado y reciclable, un material resistente frente a la abrasi\u00f3n, los impactos y la radiaci\u00f3n ultravioleta. Esto lo convierte en una soluci\u00f3n interesante para ayuntamientos, urbanizaciones, proyectos de movilidad sostenible y espacios donde se quiera mejorar la seguridad ciclista sin renunciar al compromiso ambiental.<\/p>\n\n\n\n<h3 class=\"wp-block-heading\">Ventajas de utilizar productos fotoluminiscentes<\/h3>\n\n\n\n<p class=\"wp-block-paragraph\">Los productos fotoluminiscentes de Abadecom Urban ofrecen varias ventajas para proyectos urbanos, paisaj\u00edsticos y de movilidad:<\/p>\n\n\n\n<p class=\"wp-block-paragraph\"><strong>Mejoran la orientaci\u00f3n nocturna<\/strong><br>Ayudan a identificar caminos, bordes, zonas de paso o elementos destacados cuando hay poca luz.<\/p>\n\n\n\n<p class=\"wp-block-paragraph\"><strong>No requieren consumo el\u00e9ctrico continuo<\/strong><br>Se cargan con luz natural o artificial y emiten brillo en la oscuridad.<\/p>\n\n\n\n<p class=\"wp-block-paragraph\"><strong>Aportan seguridad sin invadir el entorno<\/strong><br>No generan contaminaci\u00f3n visual durante el d\u00eda y ofrecen una ayuda extra durante la noche.<\/p>\n\n\n\n<p class=\"wp-block-paragraph\"><strong>Tienen un alto valor est\u00e9tico<\/strong><br>Transforman espacios cotidianos en recorridos m\u00e1s atractivos, modernos y diferenciados.<\/p>\n\n\n\n<p class=\"wp-block-paragraph\"><strong>Encajan en proyectos sostenibles<\/strong><br>Son soluciones pensadas para mejorar el espacio urbano con menor dependencia energ\u00e9tica y, en algunos casos, con materiales reciclados.<\/p>\n\n\n\n<p class=\"wp-block-paragraph\"><strong>Son vers\u00e1tiles<\/strong><br>Pueden aplicarse en caminos, carriles bici, parques, jardines, paseos, zonas tur\u00edsticas, accesos o \u00e1reas industriales.<\/p>\n\n\n\n<h3 class=\"wp-block-heading\">Fotoluminiscencia y sostenibilidad urbana<\/h3>\n\n\n\n<p class=\"wp-block-paragraph\">Las ciudades necesitan soluciones m\u00e1s eficientes, m\u00e1s sostenibles y mejor integradas en el entorno.<\/p>\n\n\n\n<p class=\"wp-block-paragraph\">Los productos fotoluminiscentes responden a esa necesidad porque permiten mejorar la visibilidad sin depender exclusivamente de iluminaci\u00f3n el\u00e9ctrica. No sustituyen al alumbrado cuando este es necesario, pero s\u00ed pueden complementarlo y aportar una ayuda visual en muchos espacios.<\/p>\n\n\n\n<p class=\"wp-block-paragraph\">Adem\u00e1s, encajan muy bien en proyectos de urbanismo sostenible, regeneraci\u00f3n de espacios p\u00fablicos y mejora de zonas peatonales o ciclistas.<\/p>\n\n\n\n<p class=\"wp-block-paragraph\">Son productos que no solo cumplen una funci\u00f3n pr\u00e1ctica, sino que tambi\u00e9n contribuyen a crear espacios m\u00e1s agradables, seguros y modernos.<\/p>\n\n\n\n<h3 class=\"wp-block-heading\">Abadecom Urban: soluciones fotoluminiscentes para transformar espacios<\/h3>\n\n\n\n<p class=\"wp-block-paragraph\">En <strong>Abadecom Urban<\/strong> desarrollamos soluciones pensadas para mejorar la seguridad, la movilidad y la experiencia de los espacios p\u00fablicos y privados.<\/p>\n\n\n\n<p class=\"wp-block-paragraph\">Nuestros productos fotoluminiscentes permiten crear recorridos m\u00e1s visibles, delimitar zonas, reforzar puntos de paso y aportar un valor est\u00e9tico diferencial a cada proyecto.<\/p>\n\n\n\n<p class=\"wp-block-paragraph\">Porque la fotoluminiscencia no solo ilumina. Tambi\u00e9n orienta, protege y transforma.<\/p>\n\n\n\n<p class=\"wp-block-paragraph\">Si est\u00e1s buscando una soluci\u00f3n innovadora, sostenible y visual para mejorar un espacio urbano, natural, industrial o de movilidad, en <strong>Abadecom Urban<\/strong> podemos ayudarte a encontrar el producto fotoluminiscente m\u00e1s adecuado para tu proyecto.<\/p>\n","protected":false},"excerpt":{"rendered":"<p>Hay espacios que cambian por completo cuando cae la noche. Un paseo, un carril bici, un acceso a una zona verde, un parking exterior o un camino peatonal pueden ser c\u00f3modos y seguros durante el d\u00eda, pero perder visibilidad cuando baja la luz. Ah\u00ed es donde los productos fotoluminiscentes se convierten en una soluci\u00f3n sencilla, [&#8230;]<\/p>\n<p><a class=\"btn btn-secondary understrap-read-more-link\" href=\"https:\/\/abadecom.com\/en\/productos-fotoluminiscentes-seguridad-sostenibilidad-y-diseno-para-espacios-urbanos\/\">Read More&#8230;<span class=\"screen-reader-text\"> from Productos fotoluminiscentes: seguridad, sostenibilidad y dise\u00f1o para espacios urbanos<\/span><\/a><\/p>\n","protected":false},"author":1,"featured_media":10213,"comment_status":"open","ping_status":"open","sticky":false,"template":"","format":"standard","meta":{"content-type":"","_monsterinsights_skip_tracking":false,"pgc_sgb_lightbox_settings":"","footnotes":""},"categories":[1],"tags":[],"class_list":["post-10212","post","type-post","status-publish","format-standard","has-post-thumbnail","hentry","category-sin-categorizar"],"yoast_head":"<!-- This site is optimized with the Yoast SEO plugin v28.4 - https:\/\/yoast.com\/product\/yoast-seo-wordpress\/ -->\n<title>Productos fotoluminiscentes: seguridad, sostenibilidad y dise\u00f1o para espacios urbanos - Abadecom<\/title>\n<meta name=\"description\" content=\"Descubre los productos fotoluminiscentes de Abadecom Urban: \u00e1rido, losetas, balizas, eco-balizas y separadores de carril bici\" \/>\n<meta name=\"robots\" content=\"index, follow, max-snippet:-1, max-image-preview:large, max-video-preview:-1\" \/>\n<link rel=\"canonical\" href=\"https:\/\/abadecom.com\/en\/productos-fotoluminiscentes-seguridad-sostenibilidad-y-diseno-para-espacios-urbanos\/\" \/>\n<meta property=\"og:locale\" content=\"en_GB\" \/>\n<meta property=\"og:type\" content=\"article\" \/>\n<meta property=\"og:title\" content=\"Productos fotoluminiscentes: seguridad, sostenibilidad y dise\u00f1o para espacios urbanos - Abadecom\" \/>\n<meta property=\"og:description\" content=\"Descubre los productos fotoluminiscentes de Abadecom Urban: \u00e1rido, losetas, balizas, eco-balizas y separadores de carril bici\" \/>\n<meta property=\"og:url\" content=\"https:\/\/abadecom.com\/en\/productos-fotoluminiscentes-seguridad-sostenibilidad-y-diseno-para-espacios-urbanos\/\" \/>\n<meta property=\"og:site_name\" content=\"Abadecom\" \/>\n<meta property=\"article:published_time\" content=\"2026-06-10T10:40:35+00:00\" \/>\n<meta property=\"article:modified_time\" content=\"2026-06-10T10:40:36+00:00\" \/>\n<meta property=\"og:image\" content=\"https:\/\/abadecom.com\/wp-content\/uploads\/2026\/06\/productos-fotoluminiscentes-blog-1024x576.png\" \/>\n\t<meta property=\"og:image:width\" content=\"1024\" \/>\n\t<meta property=\"og:image:height\" content=\"576\" \/>\n\t<meta property=\"og:image:type\" content=\"image\/png\" \/>\n<meta name=\"author\" content=\"AdminAabadeco\" \/>\n<meta name=\"twitter:card\" content=\"summary_large_image\" \/>\n<meta name=\"twitter:label1\" content=\"Written by\" \/>\n\t<meta name=\"twitter:data1\" content=\"AdminAabadeco\" \/>\n\t<meta name=\"twitter:label2\" content=\"Estimated reading time\" \/>\n\t<meta name=\"twitter:data2\" content=\"5 minutes\" \/>\n<script type=\"application\/ld+json\" class=\"yoast-schema-graph\">{\"@context\":\"https:\\\/\\\/schema.org\",\"@graph\":[{\"@type\":\"Article\",\"@id\":\"https:\\\/\\\/abadecom.com\\\/productos-fotoluminiscentes-seguridad-sostenibilidad-y-diseno-para-espacios-urbanos\\\/#article\",\"isPartOf\":{\"@id\":\"https:\\\/\\\/abadecom.com\\\/productos-fotoluminiscentes-seguridad-sostenibilidad-y-diseno-para-espacios-urbanos\\\/\"},\"author\":{\"name\":\"AdminAabadeco\",\"@id\":\"https:\\\/\\\/abadecom.com\\\/#\\\/schema\\\/person\\\/477a7cc0ed6c040d67343c7a3fda930b\"},\"headline\":\"Productos fotoluminiscentes: seguridad, sostenibilidad y dise\u00f1o para espacios urbanos\",\"datePublished\":\"2026-06-10T10:40:35+00:00\",\"dateModified\":\"2026-06-10T10:40:36+00:00\",\"mainEntityOfPage\":{\"@id\":\"https:\\\/\\\/abadecom.com\\\/productos-fotoluminiscentes-seguridad-sostenibilidad-y-diseno-para-espacios-urbanos\\\/\"},\"wordCount\":1116,\"commentCount\":0,\"publisher\":{\"@id\":\"https:\\\/\\\/abadecom.com\\\/#organization\"},\"image\":{\"@id\":\"https:\\\/\\\/abadecom.com\\\/productos-fotoluminiscentes-seguridad-sostenibilidad-y-diseno-para-espacios-urbanos\\\/#primaryimage\"},\"thumbnailUrl\":\"https:\\\/\\\/abadecom.com\\\/wp-content\\\/uploads\\\/2026\\\/06\\\/productos-fotoluminiscentes-blog.png\",\"articleSection\":[\"Sin categorizar\"],\"inLanguage\":\"en-GB\",\"potentialAction\":[{\"@type\":\"CommentAction\",\"name\":\"Comment\",\"target\":[\"https:\\\/\\\/abadecom.com\\\/productos-fotoluminiscentes-seguridad-sostenibilidad-y-diseno-para-espacios-urbanos\\\/#respond\"]}]},{\"@type\":\"WebPage\",\"@id\":\"https:\\\/\\\/abadecom.com\\\/productos-fotoluminiscentes-seguridad-sostenibilidad-y-diseno-para-espacios-urbanos\\\/\",\"url\":\"https:\\\/\\\/abadecom.com\\\/productos-fotoluminiscentes-seguridad-sostenibilidad-y-diseno-para-espacios-urbanos\\\/\",\"name\":\"Productos fotoluminiscentes: seguridad, sostenibilidad y dise\u00f1o para espacios urbanos - Abadecom\",\"isPartOf\":{\"@id\":\"https:\\\/\\\/abadecom.com\\\/#website\"},\"primaryImageOfPage\":{\"@id\":\"https:\\\/\\\/abadecom.com\\\/productos-fotoluminiscentes-seguridad-sostenibilidad-y-diseno-para-espacios-urbanos\\\/#primaryimage\"},\"image\":{\"@id\":\"https:\\\/\\\/abadecom.com\\\/productos-fotoluminiscentes-seguridad-sostenibilidad-y-diseno-para-espacios-urbanos\\\/#primaryimage\"},\"thumbnailUrl\":\"https:\\\/\\\/abadecom.com\\\/wp-content\\\/uploads\\\/2026\\\/06\\\/productos-fotoluminiscentes-blog.png\",\"datePublished\":\"2026-06-10T10:40:35+00:00\",\"dateModified\":\"2026-06-10T10:40:36+00:00\",\"description\":\"Descubre los productos fotoluminiscentes de Abadecom Urban: \u00e1rido, losetas, balizas, eco-balizas y separadores de carril bici\",\"inLanguage\":\"en-GB\",\"potentialAction\":[{\"@type\":\"ReadAction\",\"target\":[\"https:\\\/\\\/abadecom.com\\\/productos-fotoluminiscentes-seguridad-sostenibilidad-y-diseno-para-espacios-urbanos\\\/\"]}]},{\"@type\":\"ImageObject\",\"inLanguage\":\"en-GB\",\"@id\":\"https:\\\/\\\/abadecom.com\\\/productos-fotoluminiscentes-seguridad-sostenibilidad-y-diseno-para-espacios-urbanos\\\/#primaryimage\",\"url\":\"https:\\\/\\\/abadecom.com\\\/wp-content\\\/uploads\\\/2026\\\/06\\\/productos-fotoluminiscentes-blog.png\",\"contentUrl\":\"https:\\\/\\\/abadecom.com\\\/wp-content\\\/uploads\\\/2026\\\/06\\\/productos-fotoluminiscentes-blog.png\",\"width\":1672,\"height\":941},{\"@type\":\"WebSite\",\"@id\":\"https:\\\/\\\/abadecom.com\\\/#website\",\"url\":\"https:\\\/\\\/abadecom.com\\\/\",\"name\":\"Abadecom\",\"description\":\"Productos sostenibles y respetuosos con el medio ambiente\",\"publisher\":{\"@id\":\"https:\\\/\\\/abadecom.com\\\/#organization\"},\"alternateName\":\"Abadecom\",\"potentialAction\":[{\"@type\":\"SearchAction\",\"target\":{\"@type\":\"EntryPoint\",\"urlTemplate\":\"https:\\\/\\\/abadecom.com\\\/?s={search_term_string}\"},\"query-input\":{\"@type\":\"PropertyValueSpecification\",\"valueRequired\":true,\"valueName\":\"search_term_string\"}}],\"inLanguage\":\"en-GB\"},{\"@type\":\"Organization\",\"@id\":\"https:\\\/\\\/abadecom.com\\\/#organization\",\"name\":\"Abadecom\",\"url\":\"https:\\\/\\\/abadecom.com\\\/\",\"logo\":{\"@type\":\"ImageObject\",\"inLanguage\":\"en-GB\",\"@id\":\"https:\\\/\\\/abadecom.com\\\/#\\\/schema\\\/logo\\\/image\\\/\",\"url\":\"https:\\\/\\\/abadecom.com\\\/wp-content\\\/uploads\\\/2022\\\/03\\\/Logo-Abadecom-e1647715158799.png\",\"contentUrl\":\"https:\\\/\\\/abadecom.com\\\/wp-content\\\/uploads\\\/2022\\\/03\\\/Logo-Abadecom-e1647715158799.png\",\"width\":200,\"height\":117,\"caption\":\"Abadecom\"},\"image\":{\"@id\":\"https:\\\/\\\/abadecom.com\\\/#\\\/schema\\\/logo\\\/image\\\/\"}},{\"@type\":\"Person\",\"@id\":\"https:\\\/\\\/abadecom.com\\\/#\\\/schema\\\/person\\\/477a7cc0ed6c040d67343c7a3fda930b\",\"name\":\"AdminAabadeco\",\"image\":{\"@type\":\"ImageObject\",\"inLanguage\":\"en-GB\",\"@id\":\"https:\\\/\\\/secure.gravatar.com\\\/avatar\\\/2630c0cee03e7f483e5ca41ec6649375f24ca272e920f8386983684762e36487?s=96&d=mm&r=g\",\"url\":\"https:\\\/\\\/secure.gravatar.com\\\/avatar\\\/2630c0cee03e7f483e5ca41ec6649375f24ca272e920f8386983684762e36487?s=96&d=mm&r=g\",\"contentUrl\":\"https:\\\/\\\/secure.gravatar.com\\\/avatar\\\/2630c0cee03e7f483e5ca41ec6649375f24ca272e920f8386983684762e36487?s=96&d=mm&r=g\",\"caption\":\"AdminAabadeco\"},\"sameAs\":[\"https:\\\/\\\/abadecom.com\"],\"url\":\"https:\\\/\\\/abadecom.com\\\/en\\\/author\\\/adminaabadeco\\\/\"}]}<\/script>\n<!-- \/ Yoast SEO plugin. -->","yoast_head_json":{"title":"Productos fotoluminiscentes: seguridad, sostenibilidad y dise\u00f1o para espacios urbanos - Abadecom","description":"Descubre los productos fotoluminiscentes de Abadecom Urban: \u00e1rido, losetas, balizas, eco-balizas y separadores de carril bici","robots":{"index":"index","follow":"follow","max-snippet":"max-snippet:-1","max-image-preview":"max-image-preview:large","max-video-preview":"max-video-preview:-1"},"canonical":"https:\/\/abadecom.com\/en\/productos-fotoluminiscentes-seguridad-sostenibilidad-y-diseno-para-espacios-urbanos\/","og_locale":"en_GB","og_type":"article","og_title":"Productos fotoluminiscentes: seguridad, sostenibilidad y dise\u00f1o para espacios urbanos - Abadecom","og_description":"Descubre los productos fotoluminiscentes de Abadecom Urban: \u00e1rido, losetas, balizas, eco-balizas y separadores de carril bici","og_url":"https:\/\/abadecom.com\/en\/productos-fotoluminiscentes-seguridad-sostenibilidad-y-diseno-para-espacios-urbanos\/","og_site_name":"Abadecom","article_published_time":"2026-06-10T10:40:35+00:00","article_modified_time":"2026-06-10T10:40:36+00:00","og_image":[{"width":1024,"height":576,"url":"https:\/\/abadecom.com\/wp-content\/uploads\/2026\/06\/productos-fotoluminiscentes-blog-1024x576.png","type":"image\/png"}],"author":"AdminAabadeco","twitter_card":"summary_large_image","twitter_misc":{"Written by":"AdminAabadeco","Estimated reading time":"5 minutes"},"schema":{"@context":"https:\/\/schema.org","@graph":[{"@type":"Article","@id":"https:\/\/abadecom.com\/productos-fotoluminiscentes-seguridad-sostenibilidad-y-diseno-para-espacios-urbanos\/#article","isPartOf":{"@id":"https:\/\/abadecom.com\/productos-fotoluminiscentes-seguridad-sostenibilidad-y-diseno-para-espacios-urbanos\/"},"author":{"name":"AdminAabadeco","@id":"https:\/\/abadecom.com\/#\/schema\/person\/477a7cc0ed6c040d67343c7a3fda930b"},"headline":"Productos fotoluminiscentes: seguridad, sostenibilidad y dise\u00f1o para espacios urbanos","datePublished":"2026-06-10T10:40:35+00:00","dateModified":"2026-06-10T10:40:36+00:00","mainEntityOfPage":{"@id":"https:\/\/abadecom.com\/productos-fotoluminiscentes-seguridad-sostenibilidad-y-diseno-para-espacios-urbanos\/"},"wordCount":1116,"commentCount":0,"publisher":{"@id":"https:\/\/abadecom.com\/#organization"},"image":{"@id":"https:\/\/abadecom.com\/productos-fotoluminiscentes-seguridad-sostenibilidad-y-diseno-para-espacios-urbanos\/#primaryimage"},"thumbnailUrl":"https:\/\/abadecom.com\/wp-content\/uploads\/2026\/06\/productos-fotoluminiscentes-blog.png","articleSection":["Sin categorizar"],"inLanguage":"en-GB","potentialAction":[{"@type":"CommentAction","name":"Comment","target":["https:\/\/abadecom.com\/productos-fotoluminiscentes-seguridad-sostenibilidad-y-diseno-para-espacios-urbanos\/#respond"]}]},{"@type":"WebPage","@id":"https:\/\/abadecom.com\/productos-fotoluminiscentes-seguridad-sostenibilidad-y-diseno-para-espacios-urbanos\/","url":"https:\/\/abadecom.com\/productos-fotoluminiscentes-seguridad-sostenibilidad-y-diseno-para-espacios-urbanos\/","name":"Productos fotoluminiscentes: seguridad, sostenibilidad y dise\u00f1o para espacios urbanos - Abadecom","isPartOf":{"@id":"https:\/\/abadecom.com\/#website"},"primaryImageOfPage":{"@id":"https:\/\/abadecom.com\/productos-fotoluminiscentes-seguridad-sostenibilidad-y-diseno-para-espacios-urbanos\/#primaryimage"},"image":{"@id":"https:\/\/abadecom.com\/productos-fotoluminiscentes-seguridad-sostenibilidad-y-diseno-para-espacios-urbanos\/#primaryimage"},"thumbnailUrl":"https:\/\/abadecom.com\/wp-content\/uploads\/2026\/06\/productos-fotoluminiscentes-blog.png","datePublished":"2026-06-10T10:40:35+00:00","dateModified":"2026-06-10T10:40:36+00:00","description":"Descubre los productos fotoluminiscentes de Abadecom Urban: \u00e1rido, losetas, balizas, eco-balizas y separadores de carril bici","inLanguage":"en-GB","potentialAction":[{"@type":"ReadAction","target":["https:\/\/abadecom.com\/productos-fotoluminiscentes-seguridad-sostenibilidad-y-diseno-para-espacios-urbanos\/"]}]},{"@type":"ImageObject","inLanguage":"en-GB","@id":"https:\/\/abadecom.com\/productos-fotoluminiscentes-seguridad-sostenibilidad-y-diseno-para-espacios-urbanos\/#primaryimage","url":"https:\/\/abadecom.com\/wp-content\/uploads\/2026\/06\/productos-fotoluminiscentes-blog.png","contentUrl":"https:\/\/abadecom.com\/wp-content\/uploads\/2026\/06\/productos-fotoluminiscentes-blog.png","width":1672,"height":941},{"@type":"WebSite","@id":"https:\/\/abadecom.com\/#website","url":"https:\/\/abadecom.com\/","name":"Abadecom","description":"Sustainable and eco-friendly products","publisher":{"@id":"https:\/\/abadecom.com\/#organization"},"alternateName":"Abadecom","potentialAction":[{"@type":"SearchAction","target":{"@type":"EntryPoint","urlTemplate":"https:\/\/abadecom.com\/?s={search_term_string}"},"query-input":{"@type":"PropertyValueSpecification","valueRequired":true,"valueName":"search_term_string"}}],"inLanguage":"en-GB"},{"@type":"Organization","@id":"https:\/\/abadecom.com\/#organization","name":"Abadecom","url":"https:\/\/abadecom.com\/","logo":{"@type":"ImageObject","inLanguage":"en-GB","@id":"https:\/\/abadecom.com\/#\/schema\/logo\/image\/","url":"https:\/\/abadecom.com\/wp-content\/uploads\/2022\/03\/Logo-Abadecom-e1647715158799.png","contentUrl":"https:\/\/abadecom.com\/wp-content\/uploads\/2022\/03\/Logo-Abadecom-e1647715158799.png","width":200,"height":117,"caption":"Abadecom"},"image":{"@id":"https:\/\/abadecom.com\/#\/schema\/logo\/image\/"}},{"@type":"Person","@id":"https:\/\/abadecom.com\/#\/schema\/person\/477a7cc0ed6c040d67343c7a3fda930b","name":"AdminAabadeco","image":{"@type":"ImageObject","inLanguage":"en-GB","@id":"https:\/\/secure.gravatar.com\/avatar\/2630c0cee03e7f483e5ca41ec6649375f24ca272e920f8386983684762e36487?s=96&d=mm&r=g","url":"https:\/\/secure.gravatar.com\/avatar\/2630c0cee03e7f483e5ca41ec6649375f24ca272e920f8386983684762e36487?s=96&d=mm&r=g","contentUrl":"https:\/\/secure.gravatar.com\/avatar\/2630c0cee03e7f483e5ca41ec6649375f24ca272e920f8386983684762e36487?s=96&d=mm&r=g","caption":"AdminAabadeco"},"sameAs":["https:\/\/abadecom.com"],"url":"https:\/\/abadecom.com\/en\/author\/adminaabadeco\/"}]}},"_links":{"self":[{"href":"https:\/\/abadecom.com\/en\/wp-json\/wp\/v2\/posts\/10212","targetHints":{"allow":["GET"]}}],"collection":[{"href":"https:\/\/abadecom.com\/en\/wp-json\/wp\/v2\/posts"}],"about":[{"href":"https:\/\/abadecom.com\/en\/wp-json\/wp\/v2\/types\/post"}],"author":[{"embeddable":true,"href":"https:\/\/abadecom.com\/en\/wp-json\/wp\/v2\/users\/1"}],"replies":[{"embeddable":true,"href":"https:\/\/abadecom.com\/en\/wp-json\/wp\/v2\/comments?post=10212"}],"version-history":[{"count":1,"href":"https:\/\/abadecom.com\/en\/wp-json\/wp\/v2\/posts\/10212\/revisions"}],"predecessor-version":[{"id":10214,"href":"https:\/\/abadecom.com\/en\/wp-json\/wp\/v2\/posts\/10212\/revisions\/10214"}],"wp:featuredmedia":[{"embeddable":true,"href":"https:\/\/abadecom.com\/en\/wp-json\/wp\/v2\/media\/10213"}],"wp:attachment":[{"href":"https:\/\/abadecom.com\/en\/wp-json\/wp\/v2\/media?parent=10212"}],"wp:term":[{"taxonomy":"category","embeddable":true,"href":"https:\/\/abadecom.com\/en\/wp-json\/wp\/v2\/categories?post=10212"},{"taxonomy":"post_tag","embeddable":true,"href":"https:\/\/abadecom.com\/en\/wp-json\/wp\/v2\/tags?post=10212"}],"curies":[{"name":"wp","href":"https:\/\/api.w.org\/{rel}","templated":true}]}}